{"id":1073,"date":"2020-01-03T08:00:32","date_gmt":"2020-01-03T11:00:32","guid":{"rendered":"https:\/\/blogs.correiobraziliense.com.br\/trilhasonora\/?p=1073"},"modified":"2020-01-03T10:40:34","modified_gmt":"2020-01-03T13:40:34","slug":"sons-da-noite-pericles-e-pixote-abre-a-programacao-do-funn-summer","status":"publish","type":"post","link":"https:\/\/blogs.correiobraziliense.com.br\/trilhasonora\/sons-da-noite-pericles-e-pixote-abre-a-programacao-do-funn-summer\/","title":{"rendered":"Sons da Noite: P\u00e9ricles e Pixote abre a programa\u00e7\u00e3o do Funn Summer"},"content":{"rendered":"<h3>Confira a coluna Sons da Noite publicada nesta sexta-feira (3\/1) no Divirta-se Mais<\/h3>\n<p><strong>Ver\u00e3o musical<\/strong><\/p>\n<p>Pagode do Peric\u00e3o, com P\u00e9ricles e o grupo Pixote, abrir\u00e1 a programa\u00e7\u00e3o do Funn Summer, no dia 11 pr\u00f3ximo, no Ases (ao lado do Pier 21 Setor de Clubes Sul). No dia seguinte se apresentar\u00e3o Djonga, Maneva e Felipe Ret.<\/p>\n<p>As festas Rio Sunset, com Rennan da Penha, Fancy Inc, Matheus Fonseca, Ownboss, F\u00e1bio Serra, Teles e Jesica Brankka, no dia 18, e Rio eu te amo, com Thiaguinho e 3030, no dia 25, dar\u00e3o prosseguimento ao evento. N\u00e3o recomendado para menores de 16 anos.<\/p>\n<p><strong>Eu recomendo<\/strong><br \/>\nO brasiliense poder\u00e1 curtir em 8 de fevereiro, \u00e0s 21h, no audit\u00f3rio do Centro de Conven\u00e7\u00f5es Ulysses Guimar\u00e3es, o concerto em que a Orquestra Petrobras Sinf\u00f4nica, sob a reg\u00eancia do maestro Felipe Prazeres, interpretar\u00e1 a trilha sonora do filme <em>Bohemian Rhapsody<\/em>, sobre a trajet\u00f3ria de Fred Mercury, vocalista do Queen. No programa, cl\u00e1ssicos como <em>Don\u2019t stop me now<\/em>, <em>Love of my life<\/em>, <em>Under pressure<\/em> e <em>We are the champions<\/em>, com novos arranjos criados por Alexandre Caldi e Itamar Assieri. Classifica\u00e7\u00e3o indicativa livre. Os ingressos j\u00e1 est\u00e3o \u00e0 venda na G1 do Bras\u00edlia Shopping.<\/p>\n<p><strong>Esta\u00e7\u00e3o Viva<\/strong><br \/>\nUm outro festival de ver\u00e3o, o Viva, vai movimentar o Pont\u00e3o do Lago Sul a partir do dia 18 deste m\u00eas, tendo como atra\u00e7\u00f5es FP do Trem Bala, Pedro Sampaio e Gaab. Na sequ\u00eancia haver\u00e1 shows de Matheus &amp; Kauan, dia 19, e de Lagum, dia 26. N\u00e3o recomendado para menores de 16 anos.<\/p>\n<p><strong>Show intimista<\/strong><br \/>\nDe volta a Bras\u00edlia, o cantor e compositor Cl\u00e1udio Nucci (ex-Boca Livre) faz show de voz e viol\u00e3o com a participa\u00e7\u00e3o de Dri Gon\u00e7ales, nos dias 17 e 18 pr\u00f3ximos, no Feiti\u00e7o Mineiro (306 Norte). O grupo Gente de Casa faz a abertura. N\u00e3o recomendado para menores de 18 anos.<\/p>\n<p><strong>Pr\u00e9-carnaval<\/strong><br \/>\nO bloco Eduardo e M\u00f4nica, queridinho dos foli\u00f5es brasilienses, vai comandar os ensaios de carnaval da Floor (ION Escrit\u00f3rio Eficiente, na 601 Norte), nas quintas-feiras de janeiro, \u00e0s 21h. No repert\u00f3rio predominam cl\u00e1ssicos da Legi\u00e3o Urbana, compostas por Renato Russo. H\u00e1 a participa\u00e7\u00e3o de DJ. N\u00e3o recomendado para menores de 18 anos.<\/p>\n<p><strong>Pop rock<\/strong><br \/>\nA banda Makinamara toca s\u00e1bado (4), a partir das 20h, no rec\u00e9m-inaugurado Amsterdan Wine BE &amp; Beer Garden (Setor Comercial Norte, em frente ao Liberty Mall). Aline Andrade e Eser Neres (vocal), Andrezinho Maia (baixo), Raul Ferreira (guitarra), Ronaldo L\u00facio (bateria) e Edu Brandizzi (sax), atacam de pop rock nacional e internacional. N\u00e3o recomendado para menores de 18 anos.<\/p>\n<p><strong>Grupo perform\u00e1tico<\/strong><\/p>\n<figure id=\"attachment_1074\" aria-describedby=\"caption-attachment-1074\" style=\"width: 800px\" class=\"wp-caption aligncenter\"><img loading=\"lazy\" decoding=\"async\" class=\"size-full wp-image-1074\" src=\"https:\/\/blogs.correiobraziliense.com.br\/trilhasonora\/wp-content\/uploads\/sites\/39\/2020\/01\/CBNFOT301220190537.jpg\" alt=\"\" width=\"800\" height=\"533\" srcset=\"https:\/\/blogs.correiobraziliense.com.br\/trilhasonora\/wp-content\/uploads\/sites\/39\/2020\/01\/CBNFOT301220190537.jpg 800w, https:\/\/blogs.correiobraziliense.com.br\/trilhasonora\/wp-content\/uploads\/sites\/39\/2020\/01\/CBNFOT301220190537-300x200.jpg 300w, https:\/\/blogs.correiobraziliense.com.br\/trilhasonora\/wp-content\/uploads\/sites\/39\/2020\/01\/CBNFOT301220190537-768x512.jpg 768w, https:\/\/blogs.correiobraziliense.com.br\/trilhasonora\/wp-content\/uploads\/sites\/39\/2020\/01\/CBNFOT301220190537-550x366.jpg 550w, https:\/\/blogs.correiobraziliense.com.br\/trilhasonora\/wp-content\/uploads\/sites\/39\/2020\/01\/CBNFOT301220190537-230x153.jpg 230w\" sizes=\"auto, (max-width: 800px) 100vw, 800px\" \/><figcaption id=\"caption-attachment-1074\" class=\"wp-caption-text\">2019. Cr\u00e9dito: Mariana Campos\/Broadway Show. Cultura. Broadway Show.<\/figcaption><\/figure>\n<p>O Broadway Show, grupo perform\u00e1tico de gar\u00e7ons-cantores, com 10 integrantes, dirigido por Pedro Mendon\u00e7a, se apresenta sexta (3), \u00e0s 20h, no Primeiro Bar (Quadra 8 do Sudoeste), passeando por repert\u00f3rio variado que vai de cl\u00e1ssicos da MPB a hits do pop nacional e internacional. N\u00e3o recomendado para menores de 18 anos.<\/p>\n","protected":false},"excerpt":{"rendered":"<p>Confira a coluna Sons da Noite publicada nesta sexta-feira (3\/1) no Divirta-se Mais<\/p>\n","protected":false},"author":84,"featured_media":1075,"comment_status":"open","ping_status":"open","sticky":false,"template":"","format":"standard","meta":{"footnotes":""},"categories":[49],"tags":[],"class_list":["post-1073","post","type-post","status-publish","format-standard","has-post-thumbnail","hentry","category-sons-da-noite"],"_links":{"self":[{"href":"https:\/\/blogs.correiobraziliense.com.br\/trilhasonora\/wp-json\/wp\/v2\/posts\/1073","targetHints":{"allow":["GET"]}}],"collection":[{"href":"https:\/\/blogs.correiobraziliense.com.br\/trilhasonora\/wp-json\/wp\/v2\/posts"}],"about":[{"href":"https:\/\/blogs.correiobraziliense.com.br\/trilhasonora\/wp-json\/wp\/v2\/types\/post"}],"author":[{"embeddable":true,"href":"https:\/\/blogs.correiobraziliense.com.br\/trilhasonora\/wp-json\/wp\/v2\/users\/84"}],"replies":[{"embeddable":true,"href":"https:\/\/blogs.correiobraziliense.com.br\/trilhasonora\/wp-json\/wp\/v2\/comments?post=1073"}],"version-history":[{"count":3,"href":"https:\/\/blogs.correiobraziliense.com.br\/trilhasonora\/wp-json\/wp\/v2\/posts\/1073\/revisions"}],"predecessor-version":[{"id":1078,"href":"https:\/\/blogs.correiobraziliense.com.br\/trilhasonora\/wp-json\/wp\/v2\/posts\/1073\/revisions\/1078"}],"wp:featuredmedia":[{"embeddable":true,"href":"https:\/\/blogs.correiobraziliense.com.br\/trilhasonora\/wp-json\/wp\/v2\/media\/1075"}],"wp:attachment":[{"href":"https:\/\/blogs.correiobraziliense.com.br\/trilhasonora\/wp-json\/wp\/v2\/media?parent=1073"}],"wp:term":[{"taxonomy":"category","embeddable":true,"href":"https:\/\/blogs.correiobraziliense.com.br\/trilhasonora\/wp-json\/wp\/v2\/categories?post=1073"},{"taxonomy":"post_tag","embeddable":true,"href":"https:\/\/blogs.correiobraziliense.com.br\/trilhasonora\/wp-json\/wp\/v2\/tags?post=1073"}],"curies":[{"name":"wp","href":"https:\/\/api.w.org\/{rel}","templated":true}]}}