{"id":1060,"date":"2019-12-27T06:24:22","date_gmt":"2019-12-27T09:24:22","guid":{"rendered":"https:\/\/blogs.correiobraziliense.com.br\/trilhasonora\/?p=1060"},"modified":"2019-12-27T09:04:34","modified_gmt":"2019-12-27T12:04:34","slug":"sons-da-noite-retrospectiva-de-shows-e-eventos-em-brasilia","status":"publish","type":"post","link":"https:\/\/blogs.correiobraziliense.com.br\/trilhasonora\/sons-da-noite-retrospectiva-de-shows-e-eventos-em-brasilia\/","title":{"rendered":"Sons da Noite: Retrospectiva de shows e eventos em Bras\u00edlia"},"content":{"rendered":"<h3>Confira a coluna Sons da Noite desta sexta-feira (27\/12)<\/h3>\n<p><b>Shows marcantes<\/b><\/p>\n<p><span style=\"font-weight: 400\">Ao longo da temporada de 2019, o Centro de Conven\u00e7\u00f5es Ulysses Guimar\u00e3es recebeu uma s\u00e9rie de shows no audit\u00f3rio master. Quatro deles foram marcantes, pelo que os artistas apresentaram e pela intera\u00e7\u00e3o com a plateia: Ney Matogrosso (Bloco na Rua), em 26 de maio e 8 de dezembro; Gal Costa (A pele do futuro), em 6 de julho; Gilberto Gil (OK OK OK), em 12 de outubro; e Milton Nascimento (Clube da Esquina), em 7 de novembro.<\/span><\/p>\n<p><strong>P\u00fablico recorde<\/strong><br \/>\nO show recordista de p\u00fablico deste ano foi o da turn\u00ea de <strong><em>Nossa hist\u00f3ria<\/em><\/strong>, que marcou o retorno da dupla <strong>Sandy &amp; Junior<\/strong>. Os irm\u00e3os reuniram no Est\u00e1dio Nacional Man\u00e9 Garrincha plateia de 30 mil f\u00e3s, em 20 de julho.<\/p>\n<p><strong>Praia diversificada<\/strong><br \/>\nO projeto <strong>Na Praia<\/strong>, na edi\u00e7\u00e3o de 2019, trouxe, entre julho e setembro para a Orla Norte do Lago Parano\u00e1, nomes em evid\u00eancia na cena musical brasileira, como Mar\u00edlia Mendon\u00e7a, Gusttavo Lima, Wesley Safad\u00e3o, para shows aos s\u00e1bados. Mas vieram tamb\u00e9m artistas consagrados da MPB e do pop rock nacional, entre eles Djavan e Alceu Valen\u00e7a, Zeca Pagodinho, Nando Reis, Lulu Santos, Capital Inicial e Dado Villa-Lobos, que foram atra\u00e7\u00f5es da <strong>Quinta Cultural<\/strong>.<\/p>\n<p><strong>Festivais tem\u00e1ticos<\/strong><br \/>\nEntre os muitos festivais tem\u00e1ticos que ocorreram na capital em 2019, cinco, com propostas diversificadas, chamaram a aten\u00e7\u00e3o: o <strong>Funn Fest<\/strong> (Parque da Cidade) e o CoMa (3 e 4 de agosto, na \u00e1rea do Complexo Cultural da Funarte); o Yalod\u00ea, de 1\u00ba a 3 de novembro, na \u00e1rea externa do Museu Nacional da Rep\u00fablica; o <strong>Favela Sounds<\/strong>, de 11 a 17 de novembro, em cidades do DF e arena lounge do Est\u00e1dio Nacional Man\u00e9 Garrincha; e o Pavilh\u00e3o Luz nos fins de semana desse m\u00eas, tamb\u00e9m na \u00e1rea interna do est\u00e1dio.<\/p>\n<p><strong>Choro internacional<\/strong><br \/>\nUm grande evento de m\u00fasica instrumental ocupou, de 23 e 28 de abril, o espa\u00e7o do <strong>Clube do Choro de Bras\u00edlia<\/strong>: o Encontro Internacional de Choro (Eicho), que reuniu renomados m\u00fasicos nacionais e do exterior, entre os quais Yamandu Costa, Marco Pereira, Carlos Malta, Robertinho Silva, Rog\u00e9rio Caetano, Henrique Cazes. Al\u00e9m de shows, eles estiveram \u00e0 frente de oficinas.<\/p>\n<p><strong>Eterno maestro<\/strong><br \/>\nO grande homenageado da temporada de 2019 da Orquestra Sinf\u00f4nica do Teatro Nacional foi Cl\u00e1udio Santoro, na passagem do centen\u00e1rio. O conjunto, sob a reg\u00eancia do maestro Cl\u00e1udio Cohen, reverenciou o compositor e maestro em v\u00e1rias apresenta\u00e7\u00f5es e, em duas delas, houve a exibi\u00e7\u00e3o do document\u00e1rio sobre ele e do Ballet Bras\u00edlia, dirigido pela vi\u00fava Gis\u00e8le Santoro.<\/p>\n<p><strong>Ocupa\u00e7\u00e3o de espa\u00e7os<\/strong><br \/>\nUma roda de samba comandada por jovens m\u00fasicos brasilienses teve grande destaque este ano na cidade. Denominado <strong>Samba Urgente<\/strong>, e com o objetivo de ocupar espa\u00e7os urbanos da cidade, o grupo reuniu multid\u00f5es no Canteiro Central (Setor Comercial Sul), Setor Banc\u00e1rio Norte e na ocupa\u00e7\u00e3o da Piscina com Ondas, no Parque da Cidade, onde, em setembro, tocou para 10 mil pessoas.<\/p>\n","protected":false},"excerpt":{"rendered":"<p>Confira a coluna Sons da Noite desta sexta-feira (27\/12) Shows marcantes Ao longo da temporada de 2019, o Centro de Conven\u00e7\u00f5es Ulysses Guimar\u00e3es recebeu uma s\u00e9rie de shows no audit\u00f3rio master. Quatro deles foram marcantes, pelo que os artistas apresentaram e pela intera\u00e7\u00e3o com a plateia: Ney Matogrosso (Bloco na Rua), em 26 de maio e 8 de dezembro; Gal [&hellip;]<\/p>\n","protected":false},"author":84,"featured_media":1061,"comment_status":"open","ping_status":"open","sticky":false,"template":"","format":"standard","meta":{"footnotes":""},"categories":[27],"tags":[],"class_list":["post-1060","post","type-post","status-publish","format-standard","has-post-thumbnail","hentry","category-coluna-sons-da-noite"],"_links":{"self":[{"href":"https:\/\/blogs.correiobraziliense.com.br\/trilhasonora\/wp-json\/wp\/v2\/posts\/1060","targetHints":{"allow":["GET"]}}],"collection":[{"href":"https:\/\/blogs.correiobraziliense.com.br\/trilhasonora\/wp-json\/wp\/v2\/posts"}],"about":[{"href":"https:\/\/blogs.correiobraziliense.com.br\/trilhasonora\/wp-json\/wp\/v2\/types\/post"}],"author":[{"embeddable":true,"href":"https:\/\/blogs.correiobraziliense.com.br\/trilhasonora\/wp-json\/wp\/v2\/users\/84"}],"replies":[{"embeddable":true,"href":"https:\/\/blogs.correiobraziliense.com.br\/trilhasonora\/wp-json\/wp\/v2\/comments?post=1060"}],"version-history":[{"count":3,"href":"https:\/\/blogs.correiobraziliense.com.br\/trilhasonora\/wp-json\/wp\/v2\/posts\/1060\/revisions"}],"predecessor-version":[{"id":1064,"href":"https:\/\/blogs.correiobraziliense.com.br\/trilhasonora\/wp-json\/wp\/v2\/posts\/1060\/revisions\/1064"}],"wp:featuredmedia":[{"embeddable":true,"href":"https:\/\/blogs.correiobraziliense.com.br\/trilhasonora\/wp-json\/wp\/v2\/media\/1061"}],"wp:attachment":[{"href":"https:\/\/blogs.correiobraziliense.com.br\/trilhasonora\/wp-json\/wp\/v2\/media?parent=1060"}],"wp:term":[{"taxonomy":"category","embeddable":true,"href":"https:\/\/blogs.correiobraziliense.com.br\/trilhasonora\/wp-json\/wp\/v2\/categories?post=1060"},{"taxonomy":"post_tag","embeddable":true,"href":"https:\/\/blogs.correiobraziliense.com.br\/trilhasonora\/wp-json\/wp\/v2\/tags?post=1060"}],"curies":[{"name":"wp","href":"https:\/\/api.w.org\/{rel}","templated":true}]}}