{"id":1042,"date":"2019-12-05T23:34:42","date_gmt":"2019-12-06T02:34:42","guid":{"rendered":"https:\/\/blogs.correiobraziliense.com.br\/trilhasonora\/?p=1042"},"modified":"2019-12-05T23:39:54","modified_gmt":"2019-12-06T02:39:54","slug":"moraes-moreira-vejo-que-construi-uma-obra","status":"publish","type":"post","link":"https:\/\/blogs.correiobraziliense.com.br\/trilhasonora\/moraes-moreira-vejo-que-construi-uma-obra\/","title":{"rendered":"Moraes Moreira: &#8220;Vejo que constru\u00ed uma obra&#8221;"},"content":{"rendered":"<p>Cantor e compositor baiano celebra 50 anos de carreira com show ac\u00fastico quinta-feira (5\/12) e sexta-feira (6) no Espa\u00e7o Cultural do Choro. <a href=\"https:\/\/www.correiobraziliense.com.br\/app\/noticia\/diversao-e-arte\/2019\/12\/05\/interna_diversao_arte,811616\/vejo-que-construi-uma-obra-afirma-moraes-moreira-ao-correio.shtml\">Confira a mat\u00e9ria publicada no caderno Divers\u00e3o &amp; Arte<\/a>.<\/p>\n<h3>Confira poema escrito por Moraes Moreira para homenagear Jo\u00e3o Gilberto<\/h3>\n<p><strong>Mestre Jo\u00e3o Gilberto (Moraes Moreira)<\/strong><\/p>\n<p><em>Mestre Jo\u00e3o Gilberto<\/em><\/p>\n<p><em>De onde quer que estejas<\/em><\/p>\n<p><em>Quero que me vejas<\/em><\/p>\n<p><em>Aquele aprendiz,<\/em><\/p>\n<p><em>Noite memor\u00e1vel<\/em><\/p>\n<p><em>Fui um miser\u00e1vel<\/em><\/p>\n<p><em>Hoje sou feliz<\/em><\/p>\n<p><em>Vaqueiro do som<\/em><\/p>\n<p><em>Bossa oxig\u00eanio<\/em><\/p>\n<p><em>Prova do seu g\u00eanio,<\/em><\/p>\n<p><em>Verdadeiros hinos,<\/em><\/p>\n<p><em>Chega de saudades<\/em><\/p>\n<p><em>Somando as idades<\/em><\/p>\n<p><em>Daqueles meninos<\/em><\/p>\n<p><em>O Acabou Chorare<\/em><\/p>\n<p><em>Era a nossa B\u00edblia<\/em><\/p>\n<p><em>Quem \u00e9 que n\u00e3o lia<\/em><\/p>\n<p><em>Com todo fervor<\/em><\/p>\n<p><em>Grande Assis Valente<\/em><\/p>\n<p><em>Hora dessa gente<\/em><\/p>\n<p><em>Mostrar seu valor,<\/em><\/p>\n<p><em>\u00d4 o \u00f4<\/em><\/p>\n<p><em>Como \u00e9 que ficou?<\/em><\/p>\n<p><em>Ficou tudo lindo, amor<\/em><\/p>\n<p><strong>Moraes Moreira &#8211; <em>Acabou chorare<\/em><\/strong><\/p>\n<p><iframe loading=\"lazy\" title=\"Moraes Moreira - Acabou Chorare\" width=\"1333\" height=\"1000\" src=\"https:\/\/www.youtube.com\/embed\/JccLM9vy2EM?feature=oembed\" frameborder=\"0\" allow=\"accelerometer; autoplay; clipboard-write; encrypted-media; gyroscope; picture-in-picture; web-share\" referrerpolicy=\"strict-origin-when-cross-origin\" allowfullscreen><\/iframe><\/p>\n","protected":false},"excerpt":{"rendered":"<p>Cantor e compositor baiano celebra 50 anos de carreira com show ac\u00fastico quinta-feira (5\/12) e sexta-feira (6) no Espa\u00e7o Cultural do Choro. Confira a mat\u00e9ria publicada no caderno Divers\u00e3o &amp; Arte. Confira poema escrito por Moraes Moreira para homenagear Jo\u00e3o Gilberto Mestre Jo\u00e3o Gilberto (Moraes Moreira) Mestre Jo\u00e3o Gilberto De onde quer que estejas Quero que me vejas Aquele aprendiz, [&hellip;]<\/p>\n","protected":false},"author":84,"featured_media":1044,"comment_status":"open","ping_status":"open","sticky":false,"template":"","format":"standard","meta":{"footnotes":""},"categories":[1],"tags":[],"class_list":["post-1042","post","type-post","status-publish","format-standard","has-post-thumbnail","hentry","category-sem-categoria"],"_links":{"self":[{"href":"https:\/\/blogs.correiobraziliense.com.br\/trilhasonora\/wp-json\/wp\/v2\/posts\/1042","targetHints":{"allow":["GET"]}}],"collection":[{"href":"https:\/\/blogs.correiobraziliense.com.br\/trilhasonora\/wp-json\/wp\/v2\/posts"}],"about":[{"href":"https:\/\/blogs.correiobraziliense.com.br\/trilhasonora\/wp-json\/wp\/v2\/types\/post"}],"author":[{"embeddable":true,"href":"https:\/\/blogs.correiobraziliense.com.br\/trilhasonora\/wp-json\/wp\/v2\/users\/84"}],"replies":[{"embeddable":true,"href":"https:\/\/blogs.correiobraziliense.com.br\/trilhasonora\/wp-json\/wp\/v2\/comments?post=1042"}],"version-history":[{"count":2,"href":"https:\/\/blogs.correiobraziliense.com.br\/trilhasonora\/wp-json\/wp\/v2\/posts\/1042\/revisions"}],"predecessor-version":[{"id":1045,"href":"https:\/\/blogs.correiobraziliense.com.br\/trilhasonora\/wp-json\/wp\/v2\/posts\/1042\/revisions\/1045"}],"wp:featuredmedia":[{"embeddable":true,"href":"https:\/\/blogs.correiobraziliense.com.br\/trilhasonora\/wp-json\/wp\/v2\/media\/1044"}],"wp:attachment":[{"href":"https:\/\/blogs.correiobraziliense.com.br\/trilhasonora\/wp-json\/wp\/v2\/media?parent=1042"}],"wp:term":[{"taxonomy":"category","embeddable":true,"href":"https:\/\/blogs.correiobraziliense.com.br\/trilhasonora\/wp-json\/wp\/v2\/categories?post=1042"},{"taxonomy":"post_tag","embeddable":true,"href":"https:\/\/blogs.correiobraziliense.com.br\/trilhasonora\/wp-json\/wp\/v2\/tags?post=1042"}],"curies":[{"name":"wp","href":"https:\/\/api.w.org\/{rel}","templated":true}]}}