{"id":1031,"date":"2019-11-22T08:00:06","date_gmt":"2019-11-22T11:00:06","guid":{"rendered":"https:\/\/blogs.correiobraziliense.com.br\/trilhasonora\/?p=1031"},"modified":"2019-11-21T11:56:18","modified_gmt":"2019-11-21T14:56:18","slug":"sons-da-noite-mateus-aleluia-se-apresenta-hoje-pelo-projeto-campus-sonoro-da-universidade-de-brasilia","status":"publish","type":"post","link":"https:\/\/blogs.correiobraziliense.com.br\/trilhasonora\/sons-da-noite-mateus-aleluia-se-apresenta-hoje-pelo-projeto-campus-sonoro-da-universidade-de-brasilia\/","title":{"rendered":"Sons da Noite: Mateus Aleluia se apresenta hoje pelo projeto Campus Sonoro da Universidade de Bras\u00edlia"},"content":{"rendered":"<h3>Confira a coluna Sons da Noite publicada nesta sexta-feira (22\/11) no caderno Divirta-se Mais<\/h3>\n<p><strong>Recital afrobarroco<\/strong><\/p>\n<p>Canto dos recuados \u00e9 o t\u00edtulo da palestra-show que <strong>Mateus Aleluia<\/strong> faz nesta sexta-feira (22\/11), \u00e0s 19h, pelo projeto <strong>Campus Sonoro da Universidade de Bras\u00edlia<\/strong>, promovida pela Funda\u00e7\u00e3o Palmares. O cantor, compositor e instrumentista tem a companhia de Mateus Aleluia Filho (trompete) e Gabi Guedes (percuss\u00e3o).<\/p>\n<p>No recital afrobarroco, o artista baiano, um dos fundadores do m\u00edtico grupo Os Tinco\u00e3s, n\u00fameros musicais ser\u00e3o intercalados por narrativa sobre a hist\u00f3ria de um povo oriundo do continente africano e seu legado para o Brasil e trechos de document\u00e1rio sobre essa tem\u00e1tica. A entrada \u00e9 franca. Classifica\u00e7\u00e3o indicativa livre.<\/p>\n<p><strong>Eu recomendo<\/strong><br \/>\nEm show nos dias 28 e 29 pr\u00f3ximos, \u00e0s 21h, no Espa\u00e7o Cultural do Choro,<strong> Armandinho Macedo<\/strong> se reencontra no palco com o grupo brasiliense Choro Livre, liderado por Reco do Bandolim. Os espectadores poder\u00e3o apreciar solos do bandolinista e guitarrista baiano para os chorinhos<em> Apanhei-te cavaquinho<\/em> (Ernesto Nazareth), <em>Noites cariocas<\/em> (Jacob do Bandolim); os frevos <em>Chame gente e Taiane<\/em>; e, claro <em>Bolero<\/em>, de Maurice Ravel. N\u00e3o recomendado para menores de 14 anos.<\/p>\n<p><strong>Miklos solo<\/strong><br \/>\nDesde que deixou os Tit\u00e3s, <strong>Paulo Miklos<\/strong> ainda n\u00e3o havia se apresentado em Bras\u00edlia. Em 14 de dezembro, finalmente, ele vem \u00e0 cidade e far\u00e1 o show na Blitz (904 Sul), tendo por base o \u00e1lbum <em>A gente mora no agora<\/em>, que marca o in\u00edcio da carreira solo. O repert\u00f3rio re\u00fane can\u00e7\u00f5es do disco, como<em> Estou pronto<\/em>, <em>Pa\u00eds el\u00e9trico<\/em> e <em>Vou te encontrar<\/em>, al\u00e9m de hits da antiga banda. N\u00e3o recomendado para menores de 18 anos.<\/p>\n<p><strong>Bj\u00f6rk digital<\/strong><br \/>\nExposi\u00e7\u00e3o j\u00e1 apresentada nas principais capitais do mundo une m\u00fasica, artes visuais e tecnologia que expressa a genialidade de multiartista da islandesa <strong>Bj\u00f6rk<\/strong>, chega a Bras\u00edlia em breve. A mostra tem a colabora\u00e7\u00e3o de inovadores artistas visuais como James Merry, Andrew Thomas Huang e Jesse Kanda e fica em cartaz de 3 de dezembro a 9 de fevereiro de 2020 no Centro Cultural Banco do Brasil, com entrada franca. Classifica\u00e7\u00e3o indicativa livre.<\/p>\n<p><strong>Bons agitos<\/strong><br \/>\nDuas festas fazem parte da programa\u00e7\u00e3o da <strong>52\u00aa edi\u00e7\u00e3o do Festival de Bras\u00edlia do Cinema Brasileiro<\/strong>: a Conecta, na Cervejaria Criolina (Setor de Oficinas Sul), no dia 27; e a Santo Forte, dia 30, na Birosca, no Conic. N\u00e3o recomendado para menores de 18 anos.<\/p>\n<p><strong>Os mestres<\/strong><br \/>\nNego Henrique e o 7 na Roda comandam roda de samba domingo, a partir das 16h, no Wine Garden, no Pont\u00e3o do Lago Sul. Do extenso repert\u00f3rio fazem parte, cl\u00e1ssicos do g\u00eanero com a assinatura de mestres como Cartola, Nelson Cavaquinho, Elton Medeiros, Monarco e Paulinho da Viola.<\/p>\n<p><strong>Nas picapes<\/strong><\/p>\n<figure id=\"attachment_1033\" aria-describedby=\"caption-attachment-1033\" style=\"width: 800px\" class=\"wp-caption aligncenter\"><img loading=\"lazy\" decoding=\"async\" class=\"size-full wp-image-1033\" src=\"https:\/\/blogs.correiobraziliense.com.br\/trilhasonora\/wp-content\/uploads\/sites\/39\/2019\/11\/CBNFOT070720150142.jpg\" alt=\"\" width=\"800\" height=\"447\" srcset=\"https:\/\/blogs.correiobraziliense.com.br\/trilhasonora\/wp-content\/uploads\/sites\/39\/2019\/11\/CBNFOT070720150142.jpg 800w, https:\/\/blogs.correiobraziliense.com.br\/trilhasonora\/wp-content\/uploads\/sites\/39\/2019\/11\/CBNFOT070720150142-300x168.jpg 300w, https:\/\/blogs.correiobraziliense.com.br\/trilhasonora\/wp-content\/uploads\/sites\/39\/2019\/11\/CBNFOT070720150142-768x429.jpg 768w, https:\/\/blogs.correiobraziliense.com.br\/trilhasonora\/wp-content\/uploads\/sites\/39\/2019\/11\/CBNFOT070720150142-550x307.jpg 550w, https:\/\/blogs.correiobraziliense.com.br\/trilhasonora\/wp-content\/uploads\/sites\/39\/2019\/11\/CBNFOT070720150142-230x129.jpg 230w\" sizes=\"auto, (max-width: 800px) 100vw, 800px\" \/><figcaption id=\"caption-attachment-1033\" class=\"wp-caption-text\">Cr\u00e9dito: Retratos Baratos\/Divulga\u00e7\u00e3o. DJ Pez\u00e3o, do Coletivo Criolina.<\/figcaption><\/figure>\n<p>Durante o Festival, haver\u00e1 a apresenta\u00e7\u00e3o de DJs na Pra\u00e7a de Alimenta\u00e7\u00e3o, do Cine Bras\u00edlia, a partir das 20h. A programa\u00e7\u00e3o \u00e9 a seguinte: Ops (sexta), Pez\u00e3o (foto \/s\u00e1bado) e Camila Jun (domingo), Tamara Maravilha (25), NegaLuzia (26), Ninon (27), Kashuu (28), Janna (29), Xam\u00e3 (30) e Pat Merenda (1\u00ba de dezembro), \u2014 sempre a partir das 20h.<\/p>\n","protected":false},"excerpt":{"rendered":"<p>Confira a coluna Sons da Noite publicada nesta sexta-feira (22\/11) no caderno Divirta-se Mais Recital afrobarroco Canto dos recuados \u00e9 o t\u00edtulo da palestra-show que Mateus Aleluia faz nesta sexta-feira (22\/11), \u00e0s 19h, pelo projeto Campus Sonoro da Universidade de Bras\u00edlia, promovida pela Funda\u00e7\u00e3o Palmares. O cantor, compositor e instrumentista tem a companhia de Mateus Aleluia Filho (trompete) e Gabi [&hellip;]<\/p>\n","protected":false},"author":84,"featured_media":1032,"comment_status":"open","ping_status":"open","sticky":false,"template":"","format":"standard","meta":{"footnotes":""},"categories":[27],"tags":[],"class_list":["post-1031","post","type-post","status-publish","format-standard","has-post-thumbnail","hentry","category-coluna-sons-da-noite"],"_links":{"self":[{"href":"https:\/\/blogs.correiobraziliense.com.br\/trilhasonora\/wp-json\/wp\/v2\/posts\/1031","targetHints":{"allow":["GET"]}}],"collection":[{"href":"https:\/\/blogs.correiobraziliense.com.br\/trilhasonora\/wp-json\/wp\/v2\/posts"}],"about":[{"href":"https:\/\/blogs.correiobraziliense.com.br\/trilhasonora\/wp-json\/wp\/v2\/types\/post"}],"author":[{"embeddable":true,"href":"https:\/\/blogs.correiobraziliense.com.br\/trilhasonora\/wp-json\/wp\/v2\/users\/84"}],"replies":[{"embeddable":true,"href":"https:\/\/blogs.correiobraziliense.com.br\/trilhasonora\/wp-json\/wp\/v2\/comments?post=1031"}],"version-history":[{"count":1,"href":"https:\/\/blogs.correiobraziliense.com.br\/trilhasonora\/wp-json\/wp\/v2\/posts\/1031\/revisions"}],"predecessor-version":[{"id":1034,"href":"https:\/\/blogs.correiobraziliense.com.br\/trilhasonora\/wp-json\/wp\/v2\/posts\/1031\/revisions\/1034"}],"wp:featuredmedia":[{"embeddable":true,"href":"https:\/\/blogs.correiobraziliense.com.br\/trilhasonora\/wp-json\/wp\/v2\/media\/1032"}],"wp:attachment":[{"href":"https:\/\/blogs.correiobraziliense.com.br\/trilhasonora\/wp-json\/wp\/v2\/media?parent=1031"}],"wp:term":[{"taxonomy":"category","embeddable":true,"href":"https:\/\/blogs.correiobraziliense.com.br\/trilhasonora\/wp-json\/wp\/v2\/categories?post=1031"},{"taxonomy":"post_tag","embeddable":true,"href":"https:\/\/blogs.correiobraziliense.com.br\/trilhasonora\/wp-json\/wp\/v2\/tags?post=1031"}],"curies":[{"name":"wp","href":"https:\/\/api.w.org\/{rel}","templated":true}]}}