{"id":1026,"date":"2019-11-15T12:38:33","date_gmt":"2019-11-15T15:38:33","guid":{"rendered":"https:\/\/blogs.correiobraziliense.com.br\/trilhasonora\/?p=1026"},"modified":"2019-11-15T12:38:33","modified_gmt":"2019-11-15T15:38:33","slug":"sons-da-noite-carminho-estara-em-brasilia-no-proximo-dia-28","status":"publish","type":"post","link":"https:\/\/blogs.correiobraziliense.com.br\/trilhasonora\/sons-da-noite-carminho-estara-em-brasilia-no-proximo-dia-28\/","title":{"rendered":"Sons da Noite: Carminho estar\u00e1 em Bras\u00edlia no pr\u00f3ximo dia 28"},"content":{"rendered":"<h3>Confira a coluna Sons da Noite publicada nesta sexta-feira (15\/11)<\/h3>\n<p><strong>Diversidade musical<\/strong><\/p>\n<p>O palco do audit\u00f3rio master do Centro de Conven\u00e7\u00f5es Ulysses Guimar\u00e3es ser\u00e1 ocupado no fim deste m\u00eas por show de propostas diversas. No dia 21, o jovem cantor e compositor Tiago Iorc trar\u00e1 para o brasiliense o projeto<em> Ac\u00fastico MTV<\/em>, com can\u00e7\u00f5es autorais, entre elas, <em>Desconstru\u00e7\u00e3o<\/em>, <em>Hoje lembrei do teu amor<\/em>, <em>Me tira pra dan\u00e7ar<\/em> e <em>Tangerina<\/em>.<\/p>\n<p>A cantora portuguesa Carminho (foto) lan\u00e7ar\u00e1, no dia 28, o \u00e1lbum <em>Maria<\/em>, em que interpreta fados autorais, como <em>A mulher vento<\/em>, <em>A Tecedeira<\/em>, <em>Desengano<\/em> e <em>Estrela<\/em>; enquanto Z\u00e9 Ramalho celebrar\u00e1 40 anos de carreira cantando sucessos da import\u00e2ncia de <em>Av\u00f4hai<\/em>, <em>Beira-mar<\/em>,<em> Ch\u00e3o de giz<\/em>, <em>Eternas ondas<\/em> e <em>Vila do Sossego<\/em>, no dia 29. N\u00e3o recomendado para menores de 14 anos.<\/p>\n<p><strong>Eu recomendo<\/strong><br \/>\nMoraes Moreira homenagear\u00e1 Jo\u00e3o Gilberto em pocket show de voz e viol\u00e3o, na pr\u00f3xima ter\u00e7a-feira, \u00e0s 19h30, em tenda instalada na \u00e1rea externa do Centro Cultural Banco do Brasil. A apresenta\u00e7\u00e3o faz parte da programa\u00e7\u00e3o da sexta edi\u00e7\u00e3o do Festival Internacional Cinema Transcend\u00eancia. Antes, \u00e0s 17h, haver\u00e1 a exibi\u00e7\u00e3o do filme <em>Onde est\u00e1 voc\u00ea: Jo\u00e3o Gilberto<\/em>; e depois, \u00e0s 20h30, ser\u00e1 mostrado o document\u00e1rio <em>Os Filhos de Jo\u00e3o \u2014 O Admir\u00e1vel Mundo Novo Baiano<\/em>. A entrada \u00e9 franca. N\u00e3o recomendado para menores de 14 anos.<\/p>\n<p><strong>Can\u00e7\u00f5es consagradas<\/strong><br \/>\nDois expoentes da MPB, a cantora \u00c1urea Martins e o pianista Cristov\u00e3o Bastos (parceiro de Chico Buarque) se apresentam, nos dias 6 e 7 de dezembro, no Feiti\u00e7o Mineiro (306 Norte). No show, eles mostram o repert\u00f3rio do Amor em paz, disco em que interpretam composi\u00e7\u00f5es autorais e fazem releitura de can\u00e7\u00f5es consagradas. N\u00e3o recomendado para menores de 18 anos.<\/p>\n<p><strong>Ritmos brasileiros<\/strong><br \/>\nO Expoestados \u00e9 show, uma esp\u00e9cie de painel de ritmos brasileiros, que ocorre no dia 23, a partir das 21h, na Quadra 6 do Setor Comercial Sul, e tem como principal atra\u00e7\u00e3o o cantor e compositor maranhense Zeca Baleiro, que lan\u00e7ou recentemente o \u00e1lbum O Amor no caos. Outros destaques do evento s\u00e3o a carioca Dhi Ribeiro, a amapaense Em\u00edlia Monteiro e o grupo brasiliense 7 na Roda. N\u00e3o recomendado para menores de 18 anos.<\/p>\n<p><strong>Samba &amp; choro<\/strong><br \/>\nFundador da Margem \u2014 historicamente a primeira banda de rock de Bras\u00edlia \u2014 e ex-integrante de orquestra sinf\u00f4nica, o multi-instrumentista Ney Rosauro faz show s\u00e1bado (16\/11), \u00e0s 21h, no Espa\u00e7o Cultural do Choro (Eixo Monumental). Acompanhado por Oswaldo Amorim (baixo), Francisco Abreu (marimba e vibrafone) e Renato Brasa (bateria), ele surpreende ao tocar choro e samba. N\u00e3o recomendado para menores de 14 anos.<\/p>\n<p><strong>Novo espa\u00e7o<\/strong><br \/>\nOs m\u00fasicos brasilienses passam a contar com um novo palco para mostrar o trabalho que realizam, ao ocupar espa\u00e7o cultural aberto pelo Le Parisien, restaurante franc\u00eas da 103 Norte. Quem se apresenta ali s\u00e1bado, \u00e0s 20h, \u00e9 o saxofonista Eduardo Guimar\u00e3es, int\u00e9rprete de MPB e standards jazz\u00edsticos.<\/p>\n<p><strong>Show intimista<\/strong><\/p>\n<figure id=\"attachment_1028\" aria-describedby=\"caption-attachment-1028\" style=\"width: 800px\" class=\"wp-caption aligncenter\"><img loading=\"lazy\" decoding=\"async\" class=\"size-full wp-image-1028\" src=\"https:\/\/blogs.correiobraziliense.com.br\/trilhasonora\/wp-content\/uploads\/sites\/39\/2019\/11\/CBNFOT111120190041.jpg\" alt=\"\" width=\"800\" height=\"535\" srcset=\"https:\/\/blogs.correiobraziliense.com.br\/trilhasonora\/wp-content\/uploads\/sites\/39\/2019\/11\/CBNFOT111120190041.jpg 800w, https:\/\/blogs.correiobraziliense.com.br\/trilhasonora\/wp-content\/uploads\/sites\/39\/2019\/11\/CBNFOT111120190041-300x201.jpg 300w, https:\/\/blogs.correiobraziliense.com.br\/trilhasonora\/wp-content\/uploads\/sites\/39\/2019\/11\/CBNFOT111120190041-768x514.jpg 768w, https:\/\/blogs.correiobraziliense.com.br\/trilhasonora\/wp-content\/uploads\/sites\/39\/2019\/11\/CBNFOT111120190041-550x368.jpg 550w, https:\/\/blogs.correiobraziliense.com.br\/trilhasonora\/wp-content\/uploads\/sites\/39\/2019\/11\/CBNFOT111120190041-230x154.jpg 230w\" sizes=\"auto, (max-width: 800px) 100vw, 800px\" \/><figcaption id=\"caption-attachment-1028\" class=\"wp-caption-text\">2019. Cr\u00e9dito: Beatriz Giacomini\/Divulga\u00e7\u00e3o. Cultura. B Hotel Bras\u00edlia homenageia ritmos da M\u00fasica Popular Brasileira. Na foto, o compositor Z\u00e9 Renato.<\/figcaption><\/figure>\n<p>Show intimista, intitulado <em>Eu e meu viol\u00e3o<\/em>, \u00e9 o que Z\u00e9 Renato far\u00e1 no dia 23, \u00e0s 20h30, no B Hotel Bras\u00edlia. Nesse recital, o cantor e compositor carioca interpretar\u00e1 can\u00e7\u00f5es que marcaram sua carreira, como <em>Anima<\/em> (parceria com Milton Nascimento), <em>Feitio de ora\u00e7\u00e3o<\/em> (Noel Rosa), <em>Mascarada<\/em> (Z\u00e9 Keti e Elton Medeiros) e <em>Toada<\/em>, cl\u00e1ssico do grupo Boca Livre, do qual \u00e9 um dos fundadores. Classifica\u00e7\u00e3o indicativa livre.<\/p>\n","protected":false},"excerpt":{"rendered":"<p>Confira a coluna Sons da Noite publicada nesta sexta-feira (15\/11) Diversidade musical O palco do audit\u00f3rio master do Centro de Conven\u00e7\u00f5es Ulysses Guimar\u00e3es ser\u00e1 ocupado no fim deste m\u00eas por show de propostas diversas. No dia 21, o jovem cantor e compositor Tiago Iorc trar\u00e1 para o brasiliense o projeto Ac\u00fastico MTV, com can\u00e7\u00f5es autorais, entre elas, Desconstru\u00e7\u00e3o, Hoje lembrei [&hellip;]<\/p>\n","protected":false},"author":84,"featured_media":1027,"comment_status":"open","ping_status":"open","sticky":false,"template":"","format":"standard","meta":{"footnotes":""},"categories":[27],"tags":[],"class_list":["post-1026","post","type-post","status-publish","format-standard","has-post-thumbnail","hentry","category-coluna-sons-da-noite"],"_links":{"self":[{"href":"https:\/\/blogs.correiobraziliense.com.br\/trilhasonora\/wp-json\/wp\/v2\/posts\/1026","targetHints":{"allow":["GET"]}}],"collection":[{"href":"https:\/\/blogs.correiobraziliense.com.br\/trilhasonora\/wp-json\/wp\/v2\/posts"}],"about":[{"href":"https:\/\/blogs.correiobraziliense.com.br\/trilhasonora\/wp-json\/wp\/v2\/types\/post"}],"author":[{"embeddable":true,"href":"https:\/\/blogs.correiobraziliense.com.br\/trilhasonora\/wp-json\/wp\/v2\/users\/84"}],"replies":[{"embeddable":true,"href":"https:\/\/blogs.correiobraziliense.com.br\/trilhasonora\/wp-json\/wp\/v2\/comments?post=1026"}],"version-history":[{"count":1,"href":"https:\/\/blogs.correiobraziliense.com.br\/trilhasonora\/wp-json\/wp\/v2\/posts\/1026\/revisions"}],"predecessor-version":[{"id":1029,"href":"https:\/\/blogs.correiobraziliense.com.br\/trilhasonora\/wp-json\/wp\/v2\/posts\/1026\/revisions\/1029"}],"wp:featuredmedia":[{"embeddable":true,"href":"https:\/\/blogs.correiobraziliense.com.br\/trilhasonora\/wp-json\/wp\/v2\/media\/1027"}],"wp:attachment":[{"href":"https:\/\/blogs.correiobraziliense.com.br\/trilhasonora\/wp-json\/wp\/v2\/media?parent=1026"}],"wp:term":[{"taxonomy":"category","embeddable":true,"href":"https:\/\/blogs.correiobraziliense.com.br\/trilhasonora\/wp-json\/wp\/v2\/categories?post=1026"},{"taxonomy":"post_tag","embeddable":true,"href":"https:\/\/blogs.correiobraziliense.com.br\/trilhasonora\/wp-json\/wp\/v2\/tags?post=1026"}],"curies":[{"name":"wp","href":"https:\/\/api.w.org\/{rel}","templated":true}]}}