{"id":1019,"date":"2019-11-07T16:32:52","date_gmt":"2019-11-07T19:32:52","guid":{"rendered":"https:\/\/blogs.correiobraziliense.com.br\/trilhasonora\/?p=1019"},"modified":"2019-11-07T16:32:52","modified_gmt":"2019-11-07T19:32:52","slug":"porque-se-chamavam-homens-tambem-se-chamavam-sonhos","status":"publish","type":"post","link":"https:\/\/blogs.correiobraziliense.com.br\/trilhasonora\/porque-se-chamavam-homens-tambem-se-chamavam-sonhos\/","title":{"rendered":"&#8220;Porque se chamavam homens, tamb\u00e9m se chamavam sonhos&#8221;"},"content":{"rendered":"<p>Milton Nascimento, ao lado de L\u00f4 Borges, celebra cinco d\u00e9cadas do cl\u00e1ssico disco <em>Clube da esquina<\/em>, numa turn\u00ea que rodou o mundo. <a href=\"https:\/\/www.correiobraziliense.com.br\/app\/noticia\/diversao-e-arte\/2019\/11\/07\/interna_diversao_arte,804351\/milton-nascimento-volta-ao-centro-de-convencoes-com-clube-da-esquina.shtml\">Confira a entrevista completa nesta quinta-fira (7\/11) no caderno Divers\u00e3o &amp; Arte<\/a>.<\/p>\n","protected":false},"excerpt":{"rendered":"<p>Milton Nascimento, ao lado de L\u00f4 Borges, celebra cinco d\u00e9cadas do cl\u00e1ssico disco Clube da esquina, numa turn\u00ea que rodou o mundo. Confira a entrevista completa nesta quinta-fira (7\/11) no caderno Divers\u00e3o &amp; Arte.<\/p>\n","protected":false},"author":84,"featured_media":1020,"comment_status":"open","ping_status":"open","sticky":false,"template":"","format":"standard","meta":{"footnotes":""},"categories":[113],"tags":[],"class_list":["post-1019","post","type-post","status-publish","format-standard","has-post-thumbnail","hentry","category-materia"],"_links":{"self":[{"href":"https:\/\/blogs.correiobraziliense.com.br\/trilhasonora\/wp-json\/wp\/v2\/posts\/1019","targetHints":{"allow":["GET"]}}],"collection":[{"href":"https:\/\/blogs.correiobraziliense.com.br\/trilhasonora\/wp-json\/wp\/v2\/posts"}],"about":[{"href":"https:\/\/blogs.correiobraziliense.com.br\/trilhasonora\/wp-json\/wp\/v2\/types\/post"}],"author":[{"embeddable":true,"href":"https:\/\/blogs.correiobraziliense.com.br\/trilhasonora\/wp-json\/wp\/v2\/users\/84"}],"replies":[{"embeddable":true,"href":"https:\/\/blogs.correiobraziliense.com.br\/trilhasonora\/wp-json\/wp\/v2\/comments?post=1019"}],"version-history":[{"count":1,"href":"https:\/\/blogs.correiobraziliense.com.br\/trilhasonora\/wp-json\/wp\/v2\/posts\/1019\/revisions"}],"predecessor-version":[{"id":1021,"href":"https:\/\/blogs.correiobraziliense.com.br\/trilhasonora\/wp-json\/wp\/v2\/posts\/1019\/revisions\/1021"}],"wp:featuredmedia":[{"embeddable":true,"href":"https:\/\/blogs.correiobraziliense.com.br\/trilhasonora\/wp-json\/wp\/v2\/media\/1020"}],"wp:attachment":[{"href":"https:\/\/blogs.correiobraziliense.com.br\/trilhasonora\/wp-json\/wp\/v2\/media?parent=1019"}],"wp:term":[{"taxonomy":"category","embeddable":true,"href":"https:\/\/blogs.correiobraziliense.com.br\/trilhasonora\/wp-json\/wp\/v2\/categories?post=1019"},{"taxonomy":"post_tag","embeddable":true,"href":"https:\/\/blogs.correiobraziliense.com.br\/trilhasonora\/wp-json\/wp\/v2\/tags?post=1019"}],"curies":[{"name":"wp","href":"https:\/\/api.w.org\/{rel}","templated":true}]}}