{"id":1015,"date":"2019-11-01T08:00:44","date_gmt":"2019-11-01T11:00:44","guid":{"rendered":"https:\/\/blogs.correiobraziliense.com.br\/trilhasonora\/?p=1015"},"modified":"2019-10-31T12:21:08","modified_gmt":"2019-10-31T15:21:08","slug":"sons-da-noite-milton-nascimento-revista-o-clube-da-esquina-em-show-em-brasilia","status":"publish","type":"post","link":"https:\/\/blogs.correiobraziliense.com.br\/trilhasonora\/sons-da-noite-milton-nascimento-revista-o-clube-da-esquina-em-show-em-brasilia\/","title":{"rendered":"Sons da Noite: Milton Nascimento revista o Clube da Esquina em show em Bras\u00edlia"},"content":{"rendered":"<h3>Confira a coluna Sons da Noite publicada nesta sexta-feira (1\u00ba\/11) no Divirta-se Mais<\/h3>\n<p><strong>Clube da Esquina<\/strong><\/p>\n<p>No show que far\u00e1 dia 7 pr\u00f3ximo, no audit\u00f3rio master do Centro de Conven\u00e7\u00f5es Ulysses Guimar\u00e3es, tendo L\u00f4 Borges como convidado especial, <strong>Milton Nascimento<\/strong> revisitar\u00e1 o <em>Clube da Esquina (\u00e1lbuns 1 e 2)<\/em> \u2014 marcos em sua carreira. No repert\u00f3rio, estar\u00e3o como destaque, tamb\u00e9m, can\u00e7\u00f5es de outros dois t\u00edtulos da discografia: os antol\u00f3gicos <em>Minas<\/em> e <em>Geraes<\/em>. N\u00e3o recomendado para menores de 14 anos.<\/p>\n<p>Recentemente, Milton, um dos artistas mais reverenciados da MPB, voltou a ser homenageado, ao receber, no Rio de Janeiro \u2014 cidade em que nasceu \u2014 <a href=\"https:\/\/blogs.correiobraziliense.com.br\/trilhasonora\/milton-nascimento-recebe-o-premio-ubc\/\">o Pr\u00eamio UBC (Uni\u00e3o Brasileira de Compositores), destinado a ele pelo conjunto de sua obra<\/a>.<\/p>\n<p><strong>Eu recomendo<\/strong><br \/>\nArtista com carreira internacional, parceiro de Michel Legrand, S\u00e9rgio Ricardo, Djavan, Aldir Blanc e F\u00e1tima Guedes, entre outros, o m\u00fasico, cantor e compositor Fil\u00f3 Machado se apresenta nesta sexta-feira (1\u00ba\/11), \u00e0s 21h, no Espa\u00e7o Cultural do Choro (Eixo Monumental). Ele tem como convidado o guitarrista Bruno Mangueira, com quem, em duo, viaja por ritmos brasileiros, complexas harmonias e improvisa\u00e7\u00e3o jazz\u00edstica. N\u00e3o recomendado para menores de 14 anos.<\/p>\n<p><strong>Ritmos brasileiros<\/strong><br \/>\nA Scalene lan\u00e7a <em>Respiro<\/em>, o quarto CD, com show nos dias 22 e 24 deste m\u00eas na Cervejaria Criolina (Setor de Oficinas Sul). Nas 13 faixas desse novo trabalho, pela primeira vez, a banda brasiliense gravou ritmos brasileiros e, numa das can\u00e7\u00f5es, Esse berro, Gustavo Bertoni faz duo com Ney Matogrosso. N\u00e3o recomendado para menores de 18 anos.<\/p>\n<p><strong>Rock americano<\/strong><br \/>\nScott Stapp, l\u00edder, compositor e vocalista da norte-americana Creed, est\u00e1 em turn\u00ea pelo pa\u00eds e faz show em Bras\u00edlia, no Toinha Brasil (SOF Sul, Quadra 9), dia 14 pr\u00f3ximo. Na apresenta\u00e7\u00e3o, ele canta hits da banda e m\u00fasicas do <em>The Space Between the shadows<\/em>, o novo disco solo, lan\u00e7ado em julho \u00faltimo. N\u00e3o recomendado para menores de 18 anos.<\/p>\n<p><strong>Projeto engra\u00e7ado<\/strong><br \/>\n<em>I Love Comedy Show<\/em> \u00e9 o nome do projeto que a cervejaria I Love Beer (210 Norte) promover\u00e1 neste m\u00eas, \u00e0s quintas-feiras, \u00e0s 21h. A programa\u00e7\u00e3o ser\u00e1 aberta por Beto Alencar, no dia 7. Depois, se apresentar\u00e3o L\u00e9o Gomes e Saulo Pinheiro (dia 14), Tiago Santinelli e Andr\u00e9 14 Voltas (dia 21) e Ninny Magalh\u00e3es e Fernando Booyou (dia 28). N\u00e3o recomendado para menores de 18 anos.<\/p>\n<p><strong>Em serenata<\/strong><br \/>\nClaudinho da Viola sobe ao palco do Teatro dos Banc\u00e1rios (entrequadra 314\/315 Sul), sexta (1\u00ba), \u00e0s 20h, para lan\u00e7ar o CD de estreia <em>Viola em serenata<\/em>, com m\u00fasicas instrumentais de sua autoria. Ele tem como convidados o violeiro Volmi Batista e as duplas caipiras \u00c2nderes &amp; Fernandes, Z\u00e9 Mulato &amp; Cassiano. Classifica\u00e7\u00e3o indicativa livre.<\/p>\n<p><strong>Tributo a Cazuza<\/strong><\/p>\n<figure id=\"attachment_1016\" aria-describedby=\"caption-attachment-1016\" style=\"width: 800px\" class=\"wp-caption aligncenter\"><img loading=\"lazy\" decoding=\"async\" class=\"size-full wp-image-1016\" src=\"https:\/\/blogs.correiobraziliense.com.br\/trilhasonora\/wp-content\/uploads\/sites\/39\/2019\/10\/CBNFOT281020191040.jpg\" alt=\"\" width=\"800\" height=\"533\" srcset=\"https:\/\/blogs.correiobraziliense.com.br\/trilhasonora\/wp-content\/uploads\/sites\/39\/2019\/10\/CBNFOT281020191040.jpg 800w, https:\/\/blogs.correiobraziliense.com.br\/trilhasonora\/wp-content\/uploads\/sites\/39\/2019\/10\/CBNFOT281020191040-300x200.jpg 300w, https:\/\/blogs.correiobraziliense.com.br\/trilhasonora\/wp-content\/uploads\/sites\/39\/2019\/10\/CBNFOT281020191040-768x512.jpg 768w, https:\/\/blogs.correiobraziliense.com.br\/trilhasonora\/wp-content\/uploads\/sites\/39\/2019\/10\/CBNFOT281020191040-550x366.jpg 550w, https:\/\/blogs.correiobraziliense.com.br\/trilhasonora\/wp-content\/uploads\/sites\/39\/2019\/10\/CBNFOT281020191040-230x153.jpg 230w\" sizes=\"auto, (max-width: 800px) 100vw, 800px\" \/><figcaption id=\"caption-attachment-1016\" class=\"wp-caption-text\">Cr\u00e9dito: Andre Glasner\/Divulga\u00e7\u00e3o. Helton Alves,vocalista do Bloco Exagerado,<\/figcaption><\/figure>\n<p>Sucessos de Cazuza tocados em diversos ritmos brasileiros formam o repert\u00f3rio do Exagerado, bloco carnavalesco carioca que agita o Bar Brahma s\u00e1bado (2), a partir das 19h. O show do vocalista Helton Alves (foto), Bruno Viana (guitarra), Victor Matos (baixo), e dos percussionistas Renan Farias, Raphael Lopes, Fernando Arag\u00e3o, Felipe Bruno, Alessandra Libonatti, Marcelle Cabral e Fernanda Costa, faz parte da programa\u00e7\u00e3o da quinta edi\u00e7\u00e3o do Pr\u00eamio Profissionais da M\u00fasica. N\u00e3o recomendado para menores de 18 anos.<\/p>\n","protected":false},"excerpt":{"rendered":"<p>Confira a coluna Sons da Noite publicada nesta sexta-feira (1\u00ba\/11) no Divirta-se Mais<\/p>\n","protected":false},"author":84,"featured_media":1000,"comment_status":"open","ping_status":"open","sticky":false,"template":"","format":"standard","meta":{"footnotes":""},"categories":[27],"tags":[76,31],"class_list":["post-1015","post","type-post","status-publish","format-standard","has-post-thumbnail","hentry","category-coluna-sons-da-noite","tag-milton-nascimento","tag-shows"],"_links":{"self":[{"href":"https:\/\/blogs.correiobraziliense.com.br\/trilhasonora\/wp-json\/wp\/v2\/posts\/1015","targetHints":{"allow":["GET"]}}],"collection":[{"href":"https:\/\/blogs.correiobraziliense.com.br\/trilhasonora\/wp-json\/wp\/v2\/posts"}],"about":[{"href":"https:\/\/blogs.correiobraziliense.com.br\/trilhasonora\/wp-json\/wp\/v2\/types\/post"}],"author":[{"embeddable":true,"href":"https:\/\/blogs.correiobraziliense.com.br\/trilhasonora\/wp-json\/wp\/v2\/users\/84"}],"replies":[{"embeddable":true,"href":"https:\/\/blogs.correiobraziliense.com.br\/trilhasonora\/wp-json\/wp\/v2\/comments?post=1015"}],"version-history":[{"count":1,"href":"https:\/\/blogs.correiobraziliense.com.br\/trilhasonora\/wp-json\/wp\/v2\/posts\/1015\/revisions"}],"predecessor-version":[{"id":1017,"href":"https:\/\/blogs.correiobraziliense.com.br\/trilhasonora\/wp-json\/wp\/v2\/posts\/1015\/revisions\/1017"}],"wp:featuredmedia":[{"embeddable":true,"href":"https:\/\/blogs.correiobraziliense.com.br\/trilhasonora\/wp-json\/wp\/v2\/media\/1000"}],"wp:attachment":[{"href":"https:\/\/blogs.correiobraziliense.com.br\/trilhasonora\/wp-json\/wp\/v2\/media?parent=1015"}],"wp:term":[{"taxonomy":"category","embeddable":true,"href":"https:\/\/blogs.correiobraziliense.com.br\/trilhasonora\/wp-json\/wp\/v2\/categories?post=1015"},{"taxonomy":"post_tag","embeddable":true,"href":"https:\/\/blogs.correiobraziliense.com.br\/trilhasonora\/wp-json\/wp\/v2\/tags?post=1015"}],"curies":[{"name":"wp","href":"https:\/\/api.w.org\/{rel}","templated":true}]}}