{"id":1012,"date":"2019-10-29T13:01:18","date_gmt":"2019-10-29T16:01:18","guid":{"rendered":"https:\/\/blogs.correiobraziliense.com.br\/trilhasonora\/?p=1012"},"modified":"2019-10-29T13:03:58","modified_gmt":"2019-10-29T16:03:58","slug":"dinho-ouro-preto-roque-em-rou","status":"publish","type":"post","link":"https:\/\/blogs.correiobraziliense.com.br\/trilhasonora\/dinho-ouro-preto-roque-em-rou\/","title":{"rendered":"Tecnol\u00f3gico, Dinho Ouro Preto lan\u00e7a o primeiro EP de Roque em R\u00f4u &#8212; novo disco solo &#8211;, podcasts e canal de YouTube"},"content":{"rendered":"<h3>Vocalista do Capital Inicial grava m\u00fasicas de banda que admira e tamb\u00e9m de Raul Seixas e Rita Lee<\/h3>\n<p>Totalmente envolvido com as ferramentas das novas tecnologias, <strong>Dinho Ouro Preto<\/strong> vive uma fase de experimenta\u00e7\u00f5es, que envolve podcasts, canal de YouTube e mais um disco solo. Com esse novo trabalho, o vocalista do Capital Inicial reverencia o rock nacional.<\/p>\n<p>Em 2012, Dinho havia lan\u00e7ado o CD <em>BlackHeart<\/em>, com o qual demonstrava conhecimento do rock internacional. Agora, com o <strong><em>Roque em R\u00f4u<\/em><\/strong> deixa claro a estreita liga\u00e7\u00e3o com o rock feito no Brasil.<\/p>\n<p>&#8220;Acredito tratar-se de uma homenagem sincera e entusiasmada a um som que faz parte de mim e do pa\u00eds!&#8221;, afirma o cantor e compositor brasiliense. Inicialmente, ele lan\u00e7ou o primeiro EP que traz as m\u00fasicas <em>Tarde de outubro<\/em> (Portoga, Wally, Badau\u00ed, Luciana e Ricardo Japinha), <em>Rolam as pedras<\/em> (Kiko Zambianchi) e <em>Saideira<\/em> (Samuel Rosa e Rodrigo Le\u00e3o).<\/p>\n<p>Dinho anuncia que regravou m\u00fasicas de 12 bandas de que gosta muito, entre elas Legi\u00e3o Urbana, Paralamas do Sucesso e CPM22, mas tamb\u00e9m de dois dos seus \u00eddolos Raul Seixas e Rita Lee. &#8220;Filmei todo o processo de grava\u00e7\u00e3o, que rolou no meu est\u00fadio e pretendo disponibilizar esse material no meu canal de YouTube&#8221;, adianta.<\/p>\n<p><iframe loading=\"lazy\" title=\"ROQUE EM R\u00d4U - MEU NOVO DISCO SOLO EST\u00c1 SAINDO!\" width=\"1440\" height=\"810\" src=\"https:\/\/www.youtube.com\/embed\/FH-9Y0Jy-3Y?feature=oembed\" frameborder=\"0\" allow=\"accelerometer; autoplay; clipboard-write; encrypted-media; gyroscope; picture-in-picture; web-share\" referrerpolicy=\"strict-origin-when-cross-origin\" allowfullscreen><\/iframe><\/p>\n<p>O v\u00eddeo inaugural, j\u00e1 dispon\u00edvel, tem um depoimento em que Dinho apresenta suas ideias e vontades com o novo projeto musical, que vai caminhar paralelamente a uma s\u00e9rie de Podcasts que lan\u00e7ou em parceria com a r\u00e1dio <a href=\"http:\/\/radiomixfm.com.br\/com-voce-dinho-ouro-preto\/\"><em>Mix FM<\/em><\/a>.<\/p>\n<p>Nas grava\u00e7\u00f5es, o cantor foi acompanhado pela banda formada por Fabiano Carelli (guitarra), Louren\u00e7o Monteiro (bateria), G\u00ea Fonseca (teclados) e Mauro Barman (baixo).<\/p>\n","protected":false},"excerpt":{"rendered":"<p>Vocalista do Capital Inicial grava m\u00fasicas de banda que admira e tamb\u00e9m de Raul Seixas e Rita Lee<\/p>\n","protected":false},"author":84,"featured_media":1014,"comment_status":"open","ping_status":"open","sticky":false,"template":"","format":"standard","meta":{"footnotes":""},"categories":[113],"tags":[188,189],"class_list":["post-1012","post","type-post","status-publish","format-standard","has-post-thumbnail","hentry","category-materia","tag-dinho-ouro-preto","tag-roque-em-rou"],"_links":{"self":[{"href":"https:\/\/blogs.correiobraziliense.com.br\/trilhasonora\/wp-json\/wp\/v2\/posts\/1012","targetHints":{"allow":["GET"]}}],"collection":[{"href":"https:\/\/blogs.correiobraziliense.com.br\/trilhasonora\/wp-json\/wp\/v2\/posts"}],"about":[{"href":"https:\/\/blogs.correiobraziliense.com.br\/trilhasonora\/wp-json\/wp\/v2\/types\/post"}],"author":[{"embeddable":true,"href":"https:\/\/blogs.correiobraziliense.com.br\/trilhasonora\/wp-json\/wp\/v2\/users\/84"}],"replies":[{"embeddable":true,"href":"https:\/\/blogs.correiobraziliense.com.br\/trilhasonora\/wp-json\/wp\/v2\/comments?post=1012"}],"version-history":[{"count":1,"href":"https:\/\/blogs.correiobraziliense.com.br\/trilhasonora\/wp-json\/wp\/v2\/posts\/1012\/revisions"}],"predecessor-version":[{"id":1013,"href":"https:\/\/blogs.correiobraziliense.com.br\/trilhasonora\/wp-json\/wp\/v2\/posts\/1012\/revisions\/1013"}],"wp:featuredmedia":[{"embeddable":true,"href":"https:\/\/blogs.correiobraziliense.com.br\/trilhasonora\/wp-json\/wp\/v2\/media\/1014"}],"wp:attachment":[{"href":"https:\/\/blogs.correiobraziliense.com.br\/trilhasonora\/wp-json\/wp\/v2\/media?parent=1012"}],"wp:term":[{"taxonomy":"category","embeddable":true,"href":"https:\/\/blogs.correiobraziliense.com.br\/trilhasonora\/wp-json\/wp\/v2\/categories?post=1012"},{"taxonomy":"post_tag","embeddable":true,"href":"https:\/\/blogs.correiobraziliense.com.br\/trilhasonora\/wp-json\/wp\/v2\/tags?post=1012"}],"curies":[{"name":"wp","href":"https:\/\/api.w.org\/{rel}","templated":true}]}}