{"id":64,"date":"2020-03-21T19:07:09","date_gmt":"2020-03-21T22:07:09","guid":{"rendered":"https:\/\/blogs.correiobraziliense.com.br\/thiagodearagao\/?p=64"},"modified":"2020-03-21T19:07:09","modified_gmt":"2020-03-21T22:07:09","slug":"covid-19-quando-a-formulacao-de-politicas-publicas-afeta-a-cada-um","status":"publish","type":"post","link":"https:\/\/blogs.correiobraziliense.com.br\/thiagodearagao\/2020\/03\/21\/covid-19-quando-a-formulacao-de-politicas-publicas-afeta-a-cada-um\/","title":{"rendered":"Covid 19: Quando a formula\u00e7\u00e3o de pol\u00edticas p\u00fablicas afeta a cada um"},"content":{"rendered":"<div class=\"gE iv gt\"><\/div>\n<div id=\":16m\">\n<div class=\"utdU2e\">\n<p>Uma das principais fun\u00e7\u00f5es de um governo democr\u00e1tico \u00e9 formular pol\u00edticas p\u00fablicas que melhorem a vida dos cidad\u00e3os.\u00a0 A\u00a0 cobran\u00e7a de impostos, por exemplo, tem como objetivo central a forma\u00e7\u00e3o de um ativo financeiro capaz de possibilitar a\u00e7\u00f5es governamentais que beneficiem a sociedade como um todo.\u00a0 Infelizmente,\u00a0 apesar da l\u00f3gica ser essa, poucos governos no mundo atingem um n\u00edvel satisfat\u00f3rio de atendimento das demandas da maioria,\u00a0 contribuindo para o bem-estar geral.<\/p><\/div>\n<div class=\"utdU2e\">\n<p>Nos \u00faltimos dias temos assistido incr\u00e9dulos ao avan\u00e7o do coronav\u00edrus pelo mundo. Chegando agora ao Brasil, impressiona a for\u00e7a com a qual se alastra causando uma preocupa\u00e7\u00e3o generalizada ao governo e \u00e0 sociedade.<\/p><\/div>\n<div class=\"utdU2e\">\n<p>Os olhos de muitos brasileiros se voltam para o governo federal e para os governos estaduais para ouvir as\u00a0 medidas planejadas em prol do bem comum. Nem todas s\u00e3o aceitas como necess\u00e1rias; muitos discordam de algumas delas, inclusive opinando que as propostas parecem fr\u00e1geis e atrasadas; outros, acham-nas\u00a0 suficientes.<\/p><\/div>\n<div class=\"utdU2e\">\n<p>Uma parcela grande da popula\u00e7\u00e3o j\u00e1 entendeu que, ficando em casa, no isolamento, as chances de contamina\u00e7\u00e3o diminuir\u00e3o drasticamente. Mesmo assim,\u00a0 muitos n\u00e3o obedecer\u00e3o a essa regra enquanto ela n\u00e3o se tornar lei, sujeitando a quem infringi-la san\u00e7\u00f5es de justi\u00e7a.<\/p><\/div>\n<div class=\"utdU2e\">\n<p>O inusitado, eu diria, hist\u00f3rico,\u00a0 \u00e9 que vivemos uma situa\u00e7\u00e3o em que temos que assumir uma parte de sua solu\u00e7\u00e3o e\u00a0 n\u00e3o podemos delegar toda a responsabilidade do problema a outros. N\u00e3o ser\u00e3o somente os pol\u00edticos que a resolver\u00e3o. Ser\u00e3o os cidad\u00e3os que, j\u00e1 cientes do que deve ser feito, optar\u00e3o em ignorar ou acatar as recomenda\u00e7\u00f5es j\u00e1 alertadas pelas comunidades m\u00e9dicas de outros pa\u00edses.<\/p><\/div>\n<div class=\"utdU2e\">\n<p>A decis\u00e3o \u00e9 individual, mas o impacto no desrespeito dessas recomenda\u00e7\u00f5es se tornar\u00e1 coletivo. Um indiv\u00edduo que resista \u00e0 ci\u00eancia, \u00e0s recomenda\u00e7\u00f5es m\u00e9dicas e ao bom senso pode vir a passar ileso pela doen\u00e7a. Por\u00e9m, esse mesmo individuo poder\u00e1 infectar outros que n\u00e3o contam com uma complei\u00e7\u00e3o\u00a0 que os permita sobreviver ao v\u00edrus. Chega a ser um absurdo que a decis\u00e3o de se cuidar e cuidar dos outros precise partir de uma diretriz oficial, mesmo com a enorme dissemina\u00e7\u00e3o do #fiqueemcasa.<\/p><\/div>\n<div class=\"utdU2e\">\n<p>Aos governos, cabe criar todas as formas de al\u00edvio econ\u00f4mico poss\u00edveis, atos de compensa\u00e7\u00e3o financeira para com aqueles que n\u00e3o poder\u00e3o se manter. E, o mais importante de tudo, preparar a rede p\u00fablica hospitalar para tratar com a efici\u00eancia necess\u00e1ria aqueles que foram afetados mais severamente.<\/p><\/div>\n<div class=\"utdU2e\">\n<p>As principais pol\u00edticas vir\u00e3o\u00a0 do Estado, enquanto a\u00a0 sociedade pode pressionar por um tipo ou outro de medidas necess\u00e1rias a certos grupos, regi\u00f5es ou mercados. O bom senso, o respeito ao pr\u00f3ximo, o cuidado com o ambiente no qual cada um est\u00e1 inserido e a compaix\u00e3o para com os necessitados n\u00e3o precisariam, em tese, ser obrigat\u00f3rios para que sejam assumidos por todos.<\/p><\/div>\n<div class=\"lQs8Hd\"><\/div>\n<div class=\"btm\"><\/div>\n<\/div>\n<div class=\"\">\n<div class=\"aHl\">Twitter: @ThiagoGdeAragao<\/div>\n<div id=\":16z\"><\/div>\n<div id=\":16o\" class=\"ii gt\">\n<div id=\":16n\" class=\"a3s aXjCH \">\n<div dir=\"ltr\">\n<div><\/div>\n<\/div>\n<\/div>\n<\/div>\n<\/div>\n","protected":false},"excerpt":{"rendered":"<p>Uma das principais fun\u00e7\u00f5es de um governo democr\u00e1tico \u00e9 formular pol\u00edticas p\u00fablicas que melhorem a vida dos cidad\u00e3os.\u00a0 A\u00a0 cobran\u00e7a de impostos, por exemplo, tem como objetivo central a forma\u00e7\u00e3o de um ativo financeiro capaz de possibilitar a\u00e7\u00f5es governamentais que beneficiem a sociedade como um todo.\u00a0 Infelizmente,\u00a0 apesar da l\u00f3gica ser essa, poucos governos no mundo atingem um n\u00edvel satisfat\u00f3rio [&hellip;]<\/p>\n","protected":false},"author":117,"featured_media":65,"comment_status":"open","ping_status":"open","sticky":false,"template":"","format":"standard","meta":{"footnotes":""},"categories":[1],"tags":[9,27,13,28,3,5],"class_list":["post-64","post","type-post","status-publish","format-standard","has-post-thumbnail","hentry","category-sem-categoria","tag-brasil","tag-coronavirus","tag-correio-braziliense","tag-covid19","tag-politica","tag-thiago-de-aragao"],"_links":{"self":[{"href":"https:\/\/blogs.correiobraziliense.com.br\/thiagodearagao\/wp-json\/wp\/v2\/posts\/64","targetHints":{"allow":["GET"]}}],"collection":[{"href":"https:\/\/blogs.correiobraziliense.com.br\/thiagodearagao\/wp-json\/wp\/v2\/posts"}],"about":[{"href":"https:\/\/blogs.correiobraziliense.com.br\/thiagodearagao\/wp-json\/wp\/v2\/types\/post"}],"author":[{"embeddable":true,"href":"https:\/\/blogs.correiobraziliense.com.br\/thiagodearagao\/wp-json\/wp\/v2\/users\/117"}],"replies":[{"embeddable":true,"href":"https:\/\/blogs.correiobraziliense.com.br\/thiagodearagao\/wp-json\/wp\/v2\/comments?post=64"}],"version-history":[{"count":1,"href":"https:\/\/blogs.correiobraziliense.com.br\/thiagodearagao\/wp-json\/wp\/v2\/posts\/64\/revisions"}],"predecessor-version":[{"id":66,"href":"https:\/\/blogs.correiobraziliense.com.br\/thiagodearagao\/wp-json\/wp\/v2\/posts\/64\/revisions\/66"}],"wp:featuredmedia":[{"embeddable":true,"href":"https:\/\/blogs.correiobraziliense.com.br\/thiagodearagao\/wp-json\/wp\/v2\/media\/65"}],"wp:attachment":[{"href":"https:\/\/blogs.correiobraziliense.com.br\/thiagodearagao\/wp-json\/wp\/v2\/media?parent=64"}],"wp:term":[{"taxonomy":"category","embeddable":true,"href":"https:\/\/blogs.correiobraziliense.com.br\/thiagodearagao\/wp-json\/wp\/v2\/categories?post=64"},{"taxonomy":"post_tag","embeddable":true,"href":"https:\/\/blogs.correiobraziliense.com.br\/thiagodearagao\/wp-json\/wp\/v2\/tags?post=64"}],"curies":[{"name":"wp","href":"https:\/\/api.w.org\/{rel}","templated":true}]}}