{"id":55,"date":"2020-03-09T13:51:37","date_gmt":"2020-03-09T16:51:37","guid":{"rendered":"https:\/\/blogs.correiobraziliense.com.br\/thiagodearagao\/?p=55"},"modified":"2020-03-09T13:51:37","modified_gmt":"2020-03-09T16:51:37","slug":"crise-cria-ambiente-a-favor-das-reformas","status":"publish","type":"post","link":"https:\/\/blogs.correiobraziliense.com.br\/thiagodearagao\/2020\/03\/09\/crise-cria-ambiente-a-favor-das-reformas\/","title":{"rendered":"Crise cria ambiente a favor das Reformas"},"content":{"rendered":"<p>A deteriora\u00e7\u00e3o do cen\u00e1rio econ\u00f4mico internacional, consequ\u00eancia do impacto negativo do coronav\u00edrus e da guerra de pre\u00e7os do petr\u00f3leo iniciada pela Ar\u00e1bia Saudita, gerando uma queda de pre\u00e7o de cerca de 30% nos mercados futuros asi\u00e1ticos \u2013 a maior baixa em um dia desde a Guerra do Golfo de 1991 \u2013 fortalece ainda mais a necessidade do avan\u00e7o da agenda reformista.<\/p>\n<p>&nbsp;<\/p>\n<p>Nesta segunda-feira (9), o Brasil foi fortemente afetado pelo cen\u00e1rio externo. O Ibovespa caiu mais de 10%, o que levou a interrup\u00e7\u00e3o tempor\u00e1ria dos neg\u00f3cios na bolsa (circuit breaker). O d\u00f3lar disparou e chegou pr\u00f3ximo aos R$ 4,80.<\/p>\n<p>&nbsp;<\/p>\n<p>O presidente da C\u00e2mara, Rodrigo Maia (DEM-RJ), na noite de ontem (8), por meio do Twitter, afirmou que \u201co cen\u00e1rio internacional exige seriedade e di\u00e1logo das lideran\u00e7as do pa\u00eds\u201d.<\/p>\n<p>&nbsp;<\/p>\n<p>Tamb\u00e9m disse que \u201co Congresso est\u00e1 pronto para avan\u00e7ar com as reformas necess\u00e1rias para restabelecer a confian\u00e7a\u201d. E avaliou que \u201cse agora os poderes da Rep\u00fablica agirem em harmonia e com esp\u00edrito democr\u00e1tico, esta crise pode virar uma oportunidade de se somar for\u00e7as em busca das solu\u00e7\u00f5es necess\u00e1rias e urgentes\u201d.<\/p>\n<p>&nbsp;<\/p>\n<p>O presidente Jair Bolsonaro disse, na manh\u00e3 de hoje (09\/03), que combinou com o presidente da C\u00e2mara, Rodrigo Maia (DEM-RJ), a tramita\u00e7\u00e3o das reformas administrativa e tribut\u00e1ria. De acordo com o presidente, apesar dos atritos, a C\u00e2mara se comprometeu a \u201cfazer a sua parte\u201d na evolu\u00e7\u00e3o das reformas.<\/p>\n<p>&nbsp;<\/p>\n<p>O ministro da Economia, Paulo Guedes, afirmou (9) que a reforma administrativa ser\u00e1 enviada ao Congresso nesta semana &#8220;ou assim que o presidente&#8221; Jair Bolsonaro chegar ao Brasil. Disse ainda que o Brasil precisa aprofundas as reformas para reduzir as incertezas.<\/p>\n<p>&nbsp;<\/p>\n<p>Na quarta-feira, Paulo Guedes participa de audi\u00eancia p\u00fablica na Comiss\u00e3o Mista do Congresso sobre Reforma Tribut\u00e1ria.<\/p>\n<p>&nbsp;<\/p>\n<p>*Publicado no Arko Alerta &#8211; Arko Advice<\/p>\n","protected":false},"excerpt":{"rendered":"<p>A deteriora\u00e7\u00e3o do cen\u00e1rio econ\u00f4mico internacional, consequ\u00eancia do impacto negativo do coronav\u00edrus e da guerra de pre\u00e7os do petr\u00f3leo iniciada pela Ar\u00e1bia Saudita, gerando uma queda de pre\u00e7o de cerca de 30% nos mercados futuros asi\u00e1ticos \u2013 a maior baixa em um dia desde a Guerra do Golfo de 1991 \u2013 fortalece ainda mais a necessidade do avan\u00e7o da agenda [&hellip;]<\/p>\n","protected":false},"author":117,"featured_media":58,"comment_status":"open","ping_status":"open","sticky":false,"template":"","format":"standard","meta":{"footnotes":""},"categories":[1],"tags":[35,9,27,34,6,4,33,5],"class_list":["post-55","post","type-post","status-publish","format-standard","has-post-thumbnail","hentry","category-sem-categoria","tag-arko-advice","tag-brasil","tag-coronavirus","tag-crise-internacional","tag-economia","tag-politica-brasileira","tag-reformas","tag-thiago-de-aragao"],"_links":{"self":[{"href":"https:\/\/blogs.correiobraziliense.com.br\/thiagodearagao\/wp-json\/wp\/v2\/posts\/55","targetHints":{"allow":["GET"]}}],"collection":[{"href":"https:\/\/blogs.correiobraziliense.com.br\/thiagodearagao\/wp-json\/wp\/v2\/posts"}],"about":[{"href":"https:\/\/blogs.correiobraziliense.com.br\/thiagodearagao\/wp-json\/wp\/v2\/types\/post"}],"author":[{"embeddable":true,"href":"https:\/\/blogs.correiobraziliense.com.br\/thiagodearagao\/wp-json\/wp\/v2\/users\/117"}],"replies":[{"embeddable":true,"href":"https:\/\/blogs.correiobraziliense.com.br\/thiagodearagao\/wp-json\/wp\/v2\/comments?post=55"}],"version-history":[{"count":2,"href":"https:\/\/blogs.correiobraziliense.com.br\/thiagodearagao\/wp-json\/wp\/v2\/posts\/55\/revisions"}],"predecessor-version":[{"id":59,"href":"https:\/\/blogs.correiobraziliense.com.br\/thiagodearagao\/wp-json\/wp\/v2\/posts\/55\/revisions\/59"}],"wp:featuredmedia":[{"embeddable":true,"href":"https:\/\/blogs.correiobraziliense.com.br\/thiagodearagao\/wp-json\/wp\/v2\/media\/58"}],"wp:attachment":[{"href":"https:\/\/blogs.correiobraziliense.com.br\/thiagodearagao\/wp-json\/wp\/v2\/media?parent=55"}],"wp:term":[{"taxonomy":"category","embeddable":true,"href":"https:\/\/blogs.correiobraziliense.com.br\/thiagodearagao\/wp-json\/wp\/v2\/categories?post=55"},{"taxonomy":"post_tag","embeddable":true,"href":"https:\/\/blogs.correiobraziliense.com.br\/thiagodearagao\/wp-json\/wp\/v2\/tags?post=55"}],"curies":[{"name":"wp","href":"https:\/\/api.w.org\/{rel}","templated":true}]}}