{"id":32,"date":"2020-01-08T18:22:41","date_gmt":"2020-01-08T21:22:41","guid":{"rendered":"https:\/\/blogs.correiobraziliense.com.br\/thiagodearagao\/?p=32"},"modified":"2020-01-08T18:22:41","modified_gmt":"2020-01-08T21:22:41","slug":"10-pontos-para-entender-o-brasil-de-2020","status":"publish","type":"post","link":"https:\/\/blogs.correiobraziliense.com.br\/thiagodearagao\/2020\/01\/08\/10-pontos-para-entender-o-brasil-de-2020\/","title":{"rendered":"10 Pontos para entender o Brasil de 2020"},"content":{"rendered":"<p>&nbsp;<\/p>\n<p>Compreender o Brasil nunca foi tarefa f\u00e1cil. Cada interpreta\u00e7\u00e3o dos fatos \u00e9 altamente personalizada e se encaixa com a expectativa que cada um tem do governo. Com o objetivo de ajudar nessa discuss\u00e3o de uma forma positiva, preparei uma pauta com 10 pontos espec\u00edficos que exporei a seguir. Em meio a um n\u00famero crescente de acontecimentos, olhar para alguns marcos pensando no contexto pol\u00edtico de uma forma geral e particular pode ajudar na avalia\u00e7\u00e3o de cada um n\u00f3s sobre o que poder\u00e1 ser o ano de 2020 no pa\u00eds.<\/p>\n<p>1. O <strong>ciclo de reformas<\/strong> (administrativa e tribut\u00e1ria) continuar\u00e1 em 2020. Portanto, o eixo Minist\u00e9rio da Economia\/ Congresso seguir\u00e1 sendo o ponto nevr\u00e1lgico do sucesso ou do fracasso do governo. Como vimos em 2019, Paulo Guedes teve de liderar diretamente a sua equipe nos di\u00e1logos com Rodrigo Maia e a base aliada .E a roda andou bem nos trilhos tamb\u00e9m gra\u00e7as ao brilhante trabalho de Rog\u00e9rio Marinho na Secretaria de Previd\u00eancia do Minist\u00e9rio. Isso ter\u00e1 de seguir em 2020 para que o Minist\u00e9rio da Economia dependa menos de interlocutores envolvidos em agendas n\u00e3o t\u00e9cnicas e pragm\u00e1ticas.<\/p>\n<p>2. Haver\u00e1 amplia\u00e7\u00f5es de <strong>verbas impositivas no or\u00e7amento<\/strong>. Isso eleva o poder do Congresso. Consequentemente, ele poder\u00e1 seguir tomando as r\u00e9deas, mantendo o Executivo e o Legislativo sob sua depend\u00eancia &#8212; como vimos em 2019 &#8211;, ao inv\u00e9s de ser o contr\u00e1rio. As negocia\u00e7\u00f5es hist\u00f3ricas do or\u00e7amento sempre deram ao Executivo poder de pressionar aliados em rela\u00e7\u00e3o a projetos espec\u00edficos como contrapartidas. Hoje, esse quadro mudou, dando mais poder e autonomia para o Congresso em questoes de\u00a0or\u00e7amento.<\/p>\n<p>3. <strong>Elei\u00e7\u00f5es municipais<\/strong> reduzir\u00e3o a atividade parlamentar para aproximadamente 120 dias. Isso aumentar\u00e1 a press\u00e3o e a ansiedade nas negocia\u00e7\u00f5es para todos os temas de interesse do governo. Quando o Congresso percebe ansiedade por parte do Executivo, o custo do apoio inflaciona (cargos, verbas extras, apoio do governo para projetos espec\u00edficos etc.) colocando mais press\u00e3o no Executivo.<\/p>\n<p>4. Al\u00e9m disso, as elei\u00e7\u00f5es municipais tamb\u00e9m mudar\u00e3o a <strong>geografia da influ\u00eancia parlamentar<\/strong>, j\u00e1 que v\u00e1rios deputados e senadores necessitam eleger prefeitos para consolidar focos de apoio. Naturalmente, v\u00e1rios deputados disputar\u00e3o elei\u00e7\u00f5es para prefeito. Para o Presidente, n\u00e3o criar atrito com parlamentares torna-se ainda mais s\u00e9rio, j\u00e1 que ter prefeitos aliados em \u00e1reas importantes ser\u00e1 cr\u00edtico para expandir zonas de influ\u00eancia visando as elei\u00e7\u00f5es de 2022. A oposi\u00e7\u00e3o buscar\u00e1 ocupar o maior n\u00famero de prefeituras com o mesmo intuito, pois cada prefeitura age como ponta de lan\u00e7a para atua\u00e7\u00f5es em busca de votos na campanha presidencial.<\/p>\n<p>5. A <strong>agenda de privatiza\u00e7\u00f5es e concess\u00f5es<\/strong> \u00e9 a principal ponte para o governo atrair investimento externo &#8212; al\u00e9m de mostrar profissionalismo no processo de gerenciamento destes. O principal ponto levantado em reuni\u00f5es com investidores estrangeiros \u00e9 a aus\u00eancia de um cronograma confi\u00e1vel e execut\u00e1vel de forma transparente. Essa percep\u00e7\u00e3o vem de anos, e, para mud\u00e1-la, o governo precisa ser preciso na narrativa e na execu\u00e7\u00e3o. O impacto da narrativa funciona internamente, mas n\u00e3o funciona para o investidor externo. Essa agenda aliada a uma boa execu\u00e7\u00e3o poder\u00e1 gerar um segundo foco consistente de boas not\u00edcias que n\u00e3o estejam ancoradas apenas no avan\u00e7o das reformas.<\/p>\n<p>6. <strong>Crescimento da economia<\/strong> \u00e9 o ponto central para que a confian\u00e7a do investidor no Brasil se consolide. Ele olha indicadores positivos, por\u00e9m ainda n\u00e3o viu isso sendo traduzido (consistentemente) em crescimento. A expectativa de 2.5% para 2020 \u00e9 uma grande not\u00edcia e certamente levar\u00e1 a um aumento de fluxo. No entanto, a\u00e7\u00f5es para a diminui\u00e7\u00e3o da burocracia (opera\u00e7\u00e3o nas m\u00e3os do competente Paulo Uebel\/Minist\u00e9rio da Economia) \u00e9 o que viabilizar\u00e1 um fluxo cont\u00ednuo. Isso tender\u00e1 a fortalecer (ainda mais) o Minist\u00e9rio da Economia, potencializando o seu papel de gerador de positividade dentro do governo e rebaixando outros Minist\u00e9rios a papeis perif\u00e9ricos no processo de gerar avan\u00e7os e confian\u00e7a.<\/p>\n<p>7. Existem poucos personagens que representam o term\u00f4metro e a estabilidade (ou instabilidade) na pol\u00edtica brasileira. <strong>Acompanhar as inter-rela\u00e7\u00f5es<\/strong> entre eles passou a ser cr\u00edtico em um governo onde a personalidade tem uma import\u00e2ncia maior do que a coes\u00e3o geral de todos seus membros. Devemos observar e tentar ler nas entrelinhas o relacionamento do Presidente Bolsonaro com Paulo Guedes, Sergio Moro, Rodrigo Maia e com o STF. Devemos focar tamb\u00e9m no relacionamento de Paulo Guedes com Tarc\u00edsio de Freitas, Rodrigo Maia, David Alcolumbre e Roberto Campos Neto.<\/p>\n<p>8. O debate da <strong>sucess\u00e3o na C\u00e2mara e no Senado<\/strong> ser\u00e1 intenso, de bastidores, com eventuais erup\u00e7\u00f5es p\u00fablicas e afetar\u00e1 o andamento de todos os projetos de interesse do governo. Devemos sempre lembrar do erro estrat\u00e9gico e prim\u00e1rio do ex-Ministro da Casa Civil Aloizio Mercadante quando prometeu apoiar Eduardo Cunha para a Presid\u00eancia da C\u00e2mara e, por debaixo dos panos, estimulou a candidatura de Arlindo Chinaglia. Isso desencadeou uma s\u00e9rie de eventos que pulverizou o governo e conduziu-o ao seu fim. Rodrigo Maia e David Alcolumbre tentar\u00e3o buscar a reelei\u00e7\u00e3o, apesar do regimento n\u00e3o permitir. A mudan\u00e7a das regras do regimento possui baixa chance de prosperar. De qualquer forma, caso n\u00e3o prospere, tanto Maia quando Alcolumbre tentar\u00e3o eleger seus sucessores enquanto o governo vai procurar alavancar nomes mais alinhados ao Planalto. O Centr\u00e3o tentar\u00e1 lan\u00e7ar seus candidatos. Isso, certamente ser\u00e1 um componente importante em toda a vota\u00e7\u00e3o que envolv\u00ea-los, pois tentar\u00e3o obter apoio para seus candidatos em troca de votos. E esse cabo de guerra poder\u00e1 acirrar todos os debates que ocorrerem no Parlamento.<\/p>\n<p>9. As <strong>redes sociais<\/strong> seguem sendo um term\u00f4metro (muitas vezes equivocado! ) de sucesso ou de fracasso da classe pol\u00edtica. No entanto, o conjunto das rea\u00e7\u00f5es nas redes passou a ser um poderoso formulador de opini\u00f5es (geralmente rasas) que afetam a din\u00e2mica do governo e hipnotizam alguns membros do Executivo. O Minist\u00e9rio da Economia segue t\u00edmido nas redes sociais com um comportamento mais informativo do que confrontacional, pois sabe que depende da menor polariza\u00e7\u00e3o poss\u00edvel para fazer sua agenda prosperar.<\/p>\n<p>10. As <strong>elei\u00e7\u00f5es nos EUA<\/strong> impactar\u00e3o diretamente o Brasil. A pol\u00edtica externa atual est\u00e1 dividida em tr\u00eas eixos: conceitual (Itamaraty), oscilante (Executivo e parte de aliados avulsos), onde narrativas algumas vezes emocionais dominam a abordagem em rela\u00e7\u00e3o aos EUA, China, Franca, Argentina etc e o eixo pragm\u00e1tico (Minist\u00e9rio da Infraestrutura, Minist\u00e9rio da Economia, Minist\u00e9rio da Defesa e Minist\u00e9rio da Agricultura). Trump segue como o grande favorito e sua reelei\u00e7\u00e3o manteria o status atual de vis\u00e3o de mundo do governo brasileiro. Caso um Democrata ven\u00e7a, o reposicionamento brasileiro forcar\u00e1 uma mudan\u00e7a radical na narrativa, comportamento e objetivos a fim de proteger o interesse comercial brasileiro.<\/p>\n<p>&nbsp;<\/p>\n<p>@ThiagoGdeAragao<\/p>\n","protected":false},"excerpt":{"rendered":"<p>&nbsp; Compreender o Brasil nunca foi tarefa f\u00e1cil. Cada interpreta\u00e7\u00e3o dos fatos \u00e9 altamente personalizada e se encaixa com a expectativa que cada um tem do governo. Com o objetivo de ajudar nessa discuss\u00e3o de uma forma positiva, preparei uma pauta com 10 pontos espec\u00edficos que exporei a seguir. Em meio a um n\u00famero crescente de acontecimentos, olhar para alguns [&hellip;]<\/p>\n","protected":false},"author":117,"featured_media":33,"comment_status":"open","ping_status":"open","sticky":false,"template":"","format":"standard","meta":{"footnotes":""},"categories":[1],"tags":[15,17,9,6,16,18,20,19],"class_list":["post-32","post","type-post","status-publish","format-standard","has-post-thumbnail","hentry","category-sem-categoria","tag-15","tag-bolsonaro","tag-brasil","tag-economia","tag-governo","tag-guedes","tag-infraestrutura","tag-tarcisio-freitas"],"_links":{"self":[{"href":"https:\/\/blogs.correiobraziliense.com.br\/thiagodearagao\/wp-json\/wp\/v2\/posts\/32","targetHints":{"allow":["GET"]}}],"collection":[{"href":"https:\/\/blogs.correiobraziliense.com.br\/thiagodearagao\/wp-json\/wp\/v2\/posts"}],"about":[{"href":"https:\/\/blogs.correiobraziliense.com.br\/thiagodearagao\/wp-json\/wp\/v2\/types\/post"}],"author":[{"embeddable":true,"href":"https:\/\/blogs.correiobraziliense.com.br\/thiagodearagao\/wp-json\/wp\/v2\/users\/117"}],"replies":[{"embeddable":true,"href":"https:\/\/blogs.correiobraziliense.com.br\/thiagodearagao\/wp-json\/wp\/v2\/comments?post=32"}],"version-history":[{"count":1,"href":"https:\/\/blogs.correiobraziliense.com.br\/thiagodearagao\/wp-json\/wp\/v2\/posts\/32\/revisions"}],"predecessor-version":[{"id":34,"href":"https:\/\/blogs.correiobraziliense.com.br\/thiagodearagao\/wp-json\/wp\/v2\/posts\/32\/revisions\/34"}],"wp:featuredmedia":[{"embeddable":true,"href":"https:\/\/blogs.correiobraziliense.com.br\/thiagodearagao\/wp-json\/wp\/v2\/media\/33"}],"wp:attachment":[{"href":"https:\/\/blogs.correiobraziliense.com.br\/thiagodearagao\/wp-json\/wp\/v2\/media?parent=32"}],"wp:term":[{"taxonomy":"category","embeddable":true,"href":"https:\/\/blogs.correiobraziliense.com.br\/thiagodearagao\/wp-json\/wp\/v2\/categories?post=32"},{"taxonomy":"post_tag","embeddable":true,"href":"https:\/\/blogs.correiobraziliense.com.br\/thiagodearagao\/wp-json\/wp\/v2\/tags?post=32"}],"curies":[{"name":"wp","href":"https:\/\/api.w.org\/{rel}","templated":true}]}}