{"id":796,"date":"2019-04-24T12:06:41","date_gmt":"2019-04-24T15:06:41","guid":{"rendered":"https:\/\/blogs.correiobraziliense.com.br\/severino\/?p=796"},"modified":"2019-04-24T12:18:32","modified_gmt":"2019-04-24T15:18:32","slug":"o-choro-da-alegria","status":"publish","type":"post","link":"https:\/\/blogs.correiobraziliense.com.br\/severino\/o-choro-da-alegria\/","title":{"rendered":"O choro da alegria"},"content":{"rendered":"<figure id=\"attachment_797\" aria-describedby=\"caption-attachment-797\" style=\"width: 800px\" class=\"wp-caption aligncenter\"><img loading=\"lazy\" decoding=\"async\" class=\"size-full wp-image-797\" src=\"https:\/\/blogs.correiobraziliense.com.br\/severino\/wp-content\/uploads\/sites\/29\/2019\/04\/Clube-do-Choro-1.jpg\" alt=\"\" width=\"800\" height=\"533\" srcset=\"https:\/\/blogs.correiobraziliense.com.br\/severino\/wp-content\/uploads\/sites\/29\/2019\/04\/Clube-do-Choro-1.jpg 800w, https:\/\/blogs.correiobraziliense.com.br\/severino\/wp-content\/uploads\/sites\/29\/2019\/04\/Clube-do-Choro-1-300x200.jpg 300w, https:\/\/blogs.correiobraziliense.com.br\/severino\/wp-content\/uploads\/sites\/29\/2019\/04\/Clube-do-Choro-1-768x512.jpg 768w, https:\/\/blogs.correiobraziliense.com.br\/severino\/wp-content\/uploads\/sites\/29\/2019\/04\/Clube-do-Choro-1-550x366.jpg 550w, https:\/\/blogs.correiobraziliense.com.br\/severino\/wp-content\/uploads\/sites\/29\/2019\/04\/Clube-do-Choro-1-230x153.jpg 230w\" sizes=\"auto, (max-width: 800px) 100vw, 800px\" \/><figcaption id=\"caption-attachment-797\" class=\"wp-caption-text\"><strong>Cr\u00e9dito: Renata Samarco\/Divulga\u00e7\u00e3o. Paulinho da Viola e Reco do Bandolim no Clube do Choro<\/strong><\/figcaption><\/figure>\n<p><strong>Severino Francisco<\/strong><\/p>\n<p>Mais do que comemorar, n\u00f3s temos de celebrar os 20 anos da Escola de Choro Raphael Rabello, pois trata-se de uma institui\u00e7\u00e3o que presta relevantes e preciosos servi\u00e7os a Bras\u00edlia e ao Brasil. O Clube do Choro est\u00e1 promovendo, at\u00e9\u00a0 domingo, o Encontro Internacional de Choro (Eicho) para marcar a data.<\/p>\n<p>&nbsp;<\/p>\n<p>Tive o privil\u00e9gio de acompanhar o renascimento do Clube do Choro na d\u00e9cada de 1990, sob a lideran\u00e7a de Reco do Bandolim. Assisti a shows de Pepeu Gomes, Hermeto Paschoal, Raphael Rabello, Altamiro Carrilho, Hamilton de Holanda e Armadinho Macedo,\u00a0 que (me arrisco a dizer) seriam memor\u00e1veis em qualquer festival do mundo.<\/p>\n<p>&nbsp;<\/p>\n<p><img loading=\"lazy\" decoding=\"async\" class=\"size-full wp-image-799\" src=\"https:\/\/blogs.correiobraziliense.com.br\/severino\/wp-content\/uploads\/sites\/29\/2019\/04\/Armandinho-3.jpg\" alt=\"\" width=\"800\" height=\"531\" srcset=\"https:\/\/blogs.correiobraziliense.com.br\/severino\/wp-content\/uploads\/sites\/29\/2019\/04\/Armandinho-3.jpg 800w, https:\/\/blogs.correiobraziliense.com.br\/severino\/wp-content\/uploads\/sites\/29\/2019\/04\/Armandinho-3-300x199.jpg 300w, https:\/\/blogs.correiobraziliense.com.br\/severino\/wp-content\/uploads\/sites\/29\/2019\/04\/Armandinho-3-768x510.jpg 768w, https:\/\/blogs.correiobraziliense.com.br\/severino\/wp-content\/uploads\/sites\/29\/2019\/04\/Armandinho-3-550x365.jpg 550w, https:\/\/blogs.correiobraziliense.com.br\/severino\/wp-content\/uploads\/sites\/29\/2019\/04\/Armandinho-3-230x153.jpg 230w\" sizes=\"auto, (max-width: 800px) 100vw, 800px\" \/><\/p>\n<p><strong>Credito: Paulo de Araujo\/CB. Armandinho Macedo no Clube do Choro de Bras\u00edlia<\/strong><\/p>\n<p>&nbsp;<\/p>\n<p>A interpreta\u00e7\u00e3o de Armandinho para o <i>Bolero,<\/i> de Ravel, no bandolim, \u00e9 sensacional: \u201cCoisa de louco, coisa de louco!\u201d, diria Reco do Bandolim. Segundo Nelson Rodrigues, profeta \u00e9 o sujeito que descobre o \u00f3bvio. Reco do Bandolim teve a clarivid\u00eancia de constatar: uma cidade nova precisa de institui\u00e7\u00f5es para se desenvolver.<\/p>\n<p>Com a transfer\u00eancia da capital para Bras\u00edlia veio do Rio de Janeiro uma constela\u00e7\u00e3o de m\u00fasicos de primeira linha do choro: Bide da Flauta, Waldir Azevedo, Avena de Castro, Pernambuco do Pandeiro, Neusa Fran\u00e7a, Odette Ernest Dias, entre outros. Recomendaram a Bide trazer uma espingarda para defender-se das on\u00e7as. N\u00e3o precisou; ele reencontrou aqui os velhos amigos e fez outros com o choro.<\/p>\n<figure id=\"attachment_800\" aria-describedby=\"caption-attachment-800\" style=\"width: 800px\" class=\"wp-caption aligncenter\"><img loading=\"lazy\" decoding=\"async\" class=\"size-full wp-image-800\" src=\"https:\/\/blogs.correiobraziliense.com.br\/severino\/wp-content\/uploads\/sites\/29\/2019\/04\/Clube-do-Choro-5.jpg\" alt=\"\" width=\"800\" height=\"497\" srcset=\"https:\/\/blogs.correiobraziliense.com.br\/severino\/wp-content\/uploads\/sites\/29\/2019\/04\/Clube-do-Choro-5.jpg 800w, https:\/\/blogs.correiobraziliense.com.br\/severino\/wp-content\/uploads\/sites\/29\/2019\/04\/Clube-do-Choro-5-300x186.jpg 300w, https:\/\/blogs.correiobraziliense.com.br\/severino\/wp-content\/uploads\/sites\/29\/2019\/04\/Clube-do-Choro-5-768x477.jpg 768w, https:\/\/blogs.correiobraziliense.com.br\/severino\/wp-content\/uploads\/sites\/29\/2019\/04\/Clube-do-Choro-5-550x342.jpg 550w, https:\/\/blogs.correiobraziliense.com.br\/severino\/wp-content\/uploads\/sites\/29\/2019\/04\/Clube-do-Choro-5-230x143.jpg 230w\" sizes=\"auto, (max-width: 800px) 100vw, 800px\" \/><figcaption id=\"caption-attachment-800\" class=\"wp-caption-text\"><strong>Cr\u00e9dito: Mila Petrillo\/CB\/D.A Press. Brasil. Bras\u00edlia &#8211; DF. Bide da Flauta<\/strong><\/figcaption><\/figure>\n<p>Essa circunst\u00e2ncia feliz poderia se perder inteiramente se n\u00e3o fosse a a\u00e7\u00e3o de Reco do Bandolim. Ele \u00e9 um Dom Quixote baiano, idealista, mas pragm\u00e1tico. N\u00e3o inventou, mas sedimentou e profissionalizou o Clube do Choro; e potencializou as possibilidades do g\u00eanero no cerrado com a cria\u00e7\u00e3o da Escola de Choro Raphael Rabelo. Aos alunos \u00e9 concedido o luxo de fazer oficinas, conversar e at\u00e9 tocar com as feras que se apresentam no Clube.\u201cO choro \u00e9 o que d\u00e1 perfil \u00e0 nossa alma\u201d, gosta de dizer Reco.<\/p>\n<figure id=\"attachment_801\" aria-describedby=\"caption-attachment-801\" style=\"width: 800px\" class=\"wp-caption aligncenter\"><img loading=\"lazy\" decoding=\"async\" class=\"size-full wp-image-801\" src=\"https:\/\/blogs.correiobraziliense.com.br\/severino\/wp-content\/uploads\/sites\/29\/2019\/04\/Clube-do-Choro-3.jpg\" alt=\"\" width=\"800\" height=\"533\" srcset=\"https:\/\/blogs.correiobraziliense.com.br\/severino\/wp-content\/uploads\/sites\/29\/2019\/04\/Clube-do-Choro-3.jpg 800w, https:\/\/blogs.correiobraziliense.com.br\/severino\/wp-content\/uploads\/sites\/29\/2019\/04\/Clube-do-Choro-3-300x200.jpg 300w, https:\/\/blogs.correiobraziliense.com.br\/severino\/wp-content\/uploads\/sites\/29\/2019\/04\/Clube-do-Choro-3-768x512.jpg 768w, https:\/\/blogs.correiobraziliense.com.br\/severino\/wp-content\/uploads\/sites\/29\/2019\/04\/Clube-do-Choro-3-550x366.jpg 550w, https:\/\/blogs.correiobraziliense.com.br\/severino\/wp-content\/uploads\/sites\/29\/2019\/04\/Clube-do-Choro-3-230x153.jpg 230w\" sizes=\"auto, (max-width: 800px) 100vw, 800px\" \/><figcaption id=\"caption-attachment-801\" class=\"wp-caption-text\"><strong>Cr\u00e9dito: Janine Moraes\/CB\/D.A Press. Reco do Bandolim<\/strong><\/figcaption><\/figure>\n<p>Animado por uma f\u00e9 no choro capaz de abalar montanhas de obst\u00e1culos, conseguiu convencer os parlamentares da C\u00e2mara Distrital a criar a Escola de Choro Raphael Rabello. \u00c9 de lideran\u00e7as positivas que o Brasil precisa.<\/p>\n<figure id=\"attachment_802\" aria-describedby=\"caption-attachment-802\" style=\"width: 800px\" class=\"wp-caption aligncenter\"><img loading=\"lazy\" decoding=\"async\" class=\"size-full wp-image-802\" src=\"https:\/\/blogs.correiobraziliense.com.br\/severino\/wp-content\/uploads\/sites\/29\/2019\/04\/Clube-do-choro-8.jpg\" alt=\"\" width=\"800\" height=\"531\" srcset=\"https:\/\/blogs.correiobraziliense.com.br\/severino\/wp-content\/uploads\/sites\/29\/2019\/04\/Clube-do-choro-8.jpg 800w, https:\/\/blogs.correiobraziliense.com.br\/severino\/wp-content\/uploads\/sites\/29\/2019\/04\/Clube-do-choro-8-300x199.jpg 300w, https:\/\/blogs.correiobraziliense.com.br\/severino\/wp-content\/uploads\/sites\/29\/2019\/04\/Clube-do-choro-8-768x510.jpg 768w, https:\/\/blogs.correiobraziliense.com.br\/severino\/wp-content\/uploads\/sites\/29\/2019\/04\/Clube-do-choro-8-550x365.jpg 550w, https:\/\/blogs.correiobraziliense.com.br\/severino\/wp-content\/uploads\/sites\/29\/2019\/04\/Clube-do-choro-8-230x153.jpg 230w\" sizes=\"auto, (max-width: 800px) 100vw, 800px\" \/><figcaption id=\"caption-attachment-802\" class=\"wp-caption-text\"><strong>Cr\u00e9dito: Paulo de Ara\u00fajo\/CB\/D.A Press.\u00a0 Hamilton de Holanda no Clube do Choro<\/strong><\/figcaption><\/figure>\n<p>Antes da escola, choro era \u201cm\u00fasica de velho\u201d; mas, depois, tornou-se m\u00fasica jovem. \u00c9 poss\u00edvel ver na cidade uma legi\u00e3o urbana de crian\u00e7as e adolescentes armada de viol\u00f5es, de cavaquinhos, de bandolins e de pandeiros. Discordo da contraposi\u00e7\u00e3o que se faz entre o chorinho e o rock. Hamilton de Holanda bebeu chorinho na mamadeira e, algumas vezes, toca o bandolim como se fosse Jimi Hendrix.<\/p>\n<figure id=\"attachment_807\" aria-describedby=\"caption-attachment-807\" style=\"width: 800px\" class=\"wp-caption aligncenter\"><img loading=\"lazy\" decoding=\"async\" class=\"size-full wp-image-807\" src=\"https:\/\/blogs.correiobraziliense.com.br\/severino\/wp-content\/uploads\/sites\/29\/2019\/04\/clube-do-choro-9.jpg\" alt=\"\" width=\"800\" height=\"534\" srcset=\"https:\/\/blogs.correiobraziliense.com.br\/severino\/wp-content\/uploads\/sites\/29\/2019\/04\/clube-do-choro-9.jpg 800w, https:\/\/blogs.correiobraziliense.com.br\/severino\/wp-content\/uploads\/sites\/29\/2019\/04\/clube-do-choro-9-300x200.jpg 300w, https:\/\/blogs.correiobraziliense.com.br\/severino\/wp-content\/uploads\/sites\/29\/2019\/04\/clube-do-choro-9-768x513.jpg 768w, https:\/\/blogs.correiobraziliense.com.br\/severino\/wp-content\/uploads\/sites\/29\/2019\/04\/clube-do-choro-9-550x367.jpg 550w, https:\/\/blogs.correiobraziliense.com.br\/severino\/wp-content\/uploads\/sites\/29\/2019\/04\/clube-do-choro-9-230x154.jpg 230w\" sizes=\"auto, (max-width: 800px) 100vw, 800px\" \/><figcaption id=\"caption-attachment-807\" class=\"wp-caption-text\"><strong>Cr\u00e9dito: Milla Petrillo\/CB\/D.A Press. Hamilton de Holanda e Fernando C\u00e9sar de Holanda, do conjunto de chorinho Dois de Ouro<\/strong><\/figcaption><\/figure>\n<p>Celebremos essas duas institui\u00e7\u00f5es que s\u00e3o refer\u00eancias em planos nacional e internacional. A Escola \u00e9 um viveiro de talentos e oferece bolsas de estudos para os que n\u00e3o podem pagar. Reco fundiu arte e educa\u00e7\u00e3o. \u00c9 quase tudo do que o pa\u00eds necessita para dar um passo de civiliza\u00e7\u00e3o.<\/p>\n<figure id=\"attachment_803\" aria-describedby=\"caption-attachment-803\" style=\"width: 800px\" class=\"wp-caption aligncenter\"><img loading=\"lazy\" decoding=\"async\" class=\"size-full wp-image-803\" src=\"https:\/\/blogs.correiobraziliense.com.br\/severino\/wp-content\/uploads\/sites\/29\/2019\/04\/Clube-do-Choro-6.jpg\" alt=\"\" width=\"800\" height=\"533\" srcset=\"https:\/\/blogs.correiobraziliense.com.br\/severino\/wp-content\/uploads\/sites\/29\/2019\/04\/Clube-do-Choro-6.jpg 800w, https:\/\/blogs.correiobraziliense.com.br\/severino\/wp-content\/uploads\/sites\/29\/2019\/04\/Clube-do-Choro-6-300x200.jpg 300w, https:\/\/blogs.correiobraziliense.com.br\/severino\/wp-content\/uploads\/sites\/29\/2019\/04\/Clube-do-Choro-6-768x512.jpg 768w, https:\/\/blogs.correiobraziliense.com.br\/severino\/wp-content\/uploads\/sites\/29\/2019\/04\/Clube-do-Choro-6-550x366.jpg 550w, https:\/\/blogs.correiobraziliense.com.br\/severino\/wp-content\/uploads\/sites\/29\/2019\/04\/Clube-do-Choro-6-230x153.jpg 230w\" sizes=\"auto, (max-width: 800px) 100vw, 800px\" \/><figcaption id=\"caption-attachment-803\" class=\"wp-caption-text\"><strong>Credito: Renata Samarco\/Divulga\u00e7\u00e3o. Roda de Choro com Feijoada no Caf\u00e9 Musical no Clube do Choro de Bras\u00edlia<\/strong><\/figcaption><\/figure>\n<p>&nbsp;<\/p>\n<p>O Clube e a Escola de Choro Raphael Rabello orgulham e dignificam Bras\u00edlia. Eles nos representam. Chorinho parece drible de Garrincha, canto de passarinho e voo ziguezagueante de beija-flor. Coisa de louco!<\/p>\n<figure id=\"attachment_804\" aria-describedby=\"caption-attachment-804\" style=\"width: 800px\" class=\"wp-caption aligncenter\"><img loading=\"lazy\" decoding=\"async\" class=\"size-full wp-image-804\" src=\"https:\/\/blogs.correiobraziliense.com.br\/severino\/wp-content\/uploads\/sites\/29\/2019\/04\/Clube-do-Choro-7.jpg\" alt=\"\" width=\"800\" height=\"533\" srcset=\"https:\/\/blogs.correiobraziliense.com.br\/severino\/wp-content\/uploads\/sites\/29\/2019\/04\/Clube-do-Choro-7.jpg 800w, https:\/\/blogs.correiobraziliense.com.br\/severino\/wp-content\/uploads\/sites\/29\/2019\/04\/Clube-do-Choro-7-300x200.jpg 300w, https:\/\/blogs.correiobraziliense.com.br\/severino\/wp-content\/uploads\/sites\/29\/2019\/04\/Clube-do-Choro-7-768x512.jpg 768w, https:\/\/blogs.correiobraziliense.com.br\/severino\/wp-content\/uploads\/sites\/29\/2019\/04\/Clube-do-Choro-7-550x366.jpg 550w, https:\/\/blogs.correiobraziliense.com.br\/severino\/wp-content\/uploads\/sites\/29\/2019\/04\/Clube-do-Choro-7-230x153.jpg 230w\" sizes=\"auto, (max-width: 800px) 100vw, 800px\" \/><figcaption id=\"caption-attachment-804\" class=\"wp-caption-text\"><strong>Credito: Rayande Souza\/Divulga\u00e7\u00e3o. Grupo Chorando Baixinho: choro virou m\u00fasica dos jovens<br \/><\/strong><\/figcaption><\/figure>\n<p>&nbsp;<\/p>\n","protected":false},"excerpt":{"rendered":"<p>Severino Francisco Mais do que comemorar, n\u00f3s temos de celebrar os 20 anos da Escola de Choro Raphael Rabello, pois trata-se de uma institui\u00e7\u00e3o que presta relevantes e preciosos servi\u00e7os a Bras\u00edlia e ao Brasil. O Clube do Choro est\u00e1 promovendo, at\u00e9\u00a0 domingo, o Encontro Internacional de Choro (Eicho) para marcar a data. &nbsp; Tive o privil\u00e9gio de acompanhar o [&hellip;]<\/p>\n","protected":false},"author":73,"featured_media":0,"comment_status":"open","ping_status":"open","sticky":false,"template":"","format":"standard","meta":{"footnotes":""},"categories":[2],"tags":[],"class_list":["post-796","post","type-post","status-publish","format-standard","hentry","category-cronicas"],"_links":{"self":[{"href":"https:\/\/blogs.correiobraziliense.com.br\/severino\/wp-json\/wp\/v2\/posts\/796","targetHints":{"allow":["GET"]}}],"collection":[{"href":"https:\/\/blogs.correiobraziliense.com.br\/severino\/wp-json\/wp\/v2\/posts"}],"about":[{"href":"https:\/\/blogs.correiobraziliense.com.br\/severino\/wp-json\/wp\/v2\/types\/post"}],"author":[{"embeddable":true,"href":"https:\/\/blogs.correiobraziliense.com.br\/severino\/wp-json\/wp\/v2\/users\/73"}],"replies":[{"embeddable":true,"href":"https:\/\/blogs.correiobraziliense.com.br\/severino\/wp-json\/wp\/v2\/comments?post=796"}],"version-history":[{"count":3,"href":"https:\/\/blogs.correiobraziliense.com.br\/severino\/wp-json\/wp\/v2\/posts\/796\/revisions"}],"predecessor-version":[{"id":806,"href":"https:\/\/blogs.correiobraziliense.com.br\/severino\/wp-json\/wp\/v2\/posts\/796\/revisions\/806"}],"wp:attachment":[{"href":"https:\/\/blogs.correiobraziliense.com.br\/severino\/wp-json\/wp\/v2\/media?parent=796"}],"wp:term":[{"taxonomy":"category","embeddable":true,"href":"https:\/\/blogs.correiobraziliense.com.br\/severino\/wp-json\/wp\/v2\/categories?post=796"},{"taxonomy":"post_tag","embeddable":true,"href":"https:\/\/blogs.correiobraziliense.com.br\/severino\/wp-json\/wp\/v2\/tags?post=796"}],"curies":[{"name":"wp","href":"https:\/\/api.w.org\/{rel}","templated":true}]}}