{"id":9989,"date":"2018-08-11T14:30:18","date_gmt":"2018-08-11T17:30:18","guid":{"rendered":"https:\/\/blogs.correiobraziliense.com.br\/servidor\/?p=9989"},"modified":"2018-08-11T14:30:18","modified_gmt":"2018-08-11T17:30:18","slug":"ans-evento-para-pessoas-juridicas-contratantes-de-planos-de-saude","status":"publish","type":"post","link":"https:\/\/blogs.correiobraziliense.com.br\/servidor\/ans-evento-para-pessoas-juridicas-contratantes-de-planos-de-saude\/","title":{"rendered":"ANS &#8211; evento para pessoas jur\u00eddicas contratantes de planos de sa\u00fade"},"content":{"rendered":"<p><em>Encontro prestar esclarecimentos sobre as regras da ANS que afetam a contrata\u00e7\u00e3o de planos coletivos<\/em><\/p>\n<p>A Ag\u00eancia Nacional de Sa\u00fade Suplementar (ANS) realizar\u00e1, no dia 30\/08, o evento &#8220;Ouvindo os contratantes: como os grandes consumidores de planos de sa\u00fade podem participar das decis\u00f5es regulat\u00f3rias?&#8221;. O encontro destina-se a pessoas jur\u00eddicas interessadas em conhecer as regras relacionadas aos planos coletivos empresariais e por ades\u00e3o. As inscri\u00e7\u00f5es podem ser feitas at\u00e9 o dia 24\/08 atrav\u00e9s do e-mail <span id=\"OBJ_PREFIX_DWT678_ZmEmailObjectHandler\" class=\"Object\"><span id=\"OBJ_PREFIX_DWT685_ZmEmailObjectHandler\" class=\"Object\"><a href=\"mailto:eventos@ans.gov.br\" target=\"_blank\">eventos@ans.gov.br<\/a><\/span><\/span>.<\/p>\n<p>O evento ser\u00e1 transmitido pelo <span id=\"OBJ_PREFIX_DWT679_com_zimbra_url\" class=\"Object\"><span id=\"OBJ_PREFIX_DWT686_com_zimbra_url\" class=\"Object\"><a href=\"https:\/\/nsa.i-mpress.net\/link.php?code=bDpodHRwJTNBJTJGJTJGd3d3LnBzY3AudHYlMkZBTlNfcmVndWxhZG9yYSUyRjFPd3hXV3ZsbU9WeFE6MjU0Mzg0Mjg5MjplY29ub21pYS5kZkBkYWJyLmNvbS5icjoyNTFjMWQ=\" target=\"_blank\">Periscope<\/a><\/span><\/span> (@ans_reguladora).<\/p>\n<p><strong>Servi\u00e7o<\/strong><\/p>\n<p><strong>Evento &#8211; Ouvindo os contratantes: como os grandes consumidores de planos de sa\u00fade podem participar das decis\u00f5es regulat\u00f3rias?<\/strong><\/p>\n<p><strong>Data:<\/strong> 30\/08<\/p>\n<p><strong>Hor\u00e1rio:<\/strong> 9h \u00e0s 17h<\/p>\n<p><strong>Local:<\/strong> Audit\u00f3rio da Ancine &#8211; Av. Gra\u00e7a Aranha, 35 \u2013 Centro \/ Rio<span id=\"OBJ_PREFIX_DWT680_com_zimbra_date\" class=\"Object\"> de Janeiro<\/span><\/p>\n<p><strong>N\u00famero de vagas:<\/strong> 90<\/p>\n<p><strong>Inscri\u00e7\u00f5es:<\/strong> <span id=\"OBJ_PREFIX_DWT681_ZmEmailObjectHandler\" class=\"Object\"><span id=\"OBJ_PREFIX_DWT687_ZmEmailObjectHandler\" class=\"Object\">eventos@ans.gov.br<\/span><\/span><\/p>\n","protected":false},"excerpt":{"rendered":"<p>Encontro prestar esclarecimentos sobre as regras da ANS que afetam a contrata\u00e7\u00e3o de planos coletivos A Ag\u00eancia Nacional de Sa\u00fade Suplementar (ANS) realizar\u00e1, no dia 30\/08, o evento &#8220;Ouvindo os contratantes: como os grandes consumidores de planos de sa\u00fade podem participar das decis\u00f5es regulat\u00f3rias?&#8221;. O encontro destina-se a pessoas jur\u00eddicas interessadas em conhecer as regras relacionadas aos planos coletivos empresariais [&hellip;]<\/p>\n","protected":false},"author":27,"featured_media":0,"comment_status":"open","ping_status":"closed","sticky":false,"template":"","format":"standard","meta":{"footnotes":""},"categories":[2719],"tags":[474,982,6784,9800,321,10461,1054,751],"class_list":["post-9989","post","type-post","status-publish","format-standard","hentry","category-servidor","tag-adesao","tag-ans","tag-coletivos","tag-contratantes","tag-esclarecimentos","tag-pessoas-juridicas","tag-planos-de-saude","tag-regras"],"_links":{"self":[{"href":"https:\/\/blogs.correiobraziliense.com.br\/servidor\/wp-json\/wp\/v2\/posts\/9989","targetHints":{"allow":["GET"]}}],"collection":[{"href":"https:\/\/blogs.correiobraziliense.com.br\/servidor\/wp-json\/wp\/v2\/posts"}],"about":[{"href":"https:\/\/blogs.correiobraziliense.com.br\/servidor\/wp-json\/wp\/v2\/types\/post"}],"author":[{"embeddable":true,"href":"https:\/\/blogs.correiobraziliense.com.br\/servidor\/wp-json\/wp\/v2\/users\/27"}],"replies":[{"embeddable":true,"href":"https:\/\/blogs.correiobraziliense.com.br\/servidor\/wp-json\/wp\/v2\/comments?post=9989"}],"version-history":[{"count":1,"href":"https:\/\/blogs.correiobraziliense.com.br\/servidor\/wp-json\/wp\/v2\/posts\/9989\/revisions"}],"predecessor-version":[{"id":9990,"href":"https:\/\/blogs.correiobraziliense.com.br\/servidor\/wp-json\/wp\/v2\/posts\/9989\/revisions\/9990"}],"wp:attachment":[{"href":"https:\/\/blogs.correiobraziliense.com.br\/servidor\/wp-json\/wp\/v2\/media?parent=9989"}],"wp:term":[{"taxonomy":"category","embeddable":true,"href":"https:\/\/blogs.correiobraziliense.com.br\/servidor\/wp-json\/wp\/v2\/categories?post=9989"},{"taxonomy":"post_tag","embeddable":true,"href":"https:\/\/blogs.correiobraziliense.com.br\/servidor\/wp-json\/wp\/v2\/tags?post=9989"}],"curies":[{"name":"wp","href":"https:\/\/api.w.org\/{rel}","templated":true}]}}