{"id":9985,"date":"2018-08-10T16:52:18","date_gmt":"2018-08-10T19:52:18","guid":{"rendered":"https:\/\/blogs.correiobraziliense.com.br\/servidor\/?p=9985"},"modified":"2018-08-10T16:52:18","modified_gmt":"2018-08-10T19:52:18","slug":"tst-vai-homenagear-divaldo-franco-um-dos-maiores-mediuns-e-oradores-espiritas-da-atualidade","status":"publish","type":"post","link":"https:\/\/blogs.correiobraziliense.com.br\/servidor\/tst-vai-homenagear-divaldo-franco-um-dos-maiores-mediuns-e-oradores-espiritas-da-atualidade\/","title":{"rendered":"TST vai homenagear Divaldo Franco, um dos maiores m\u00e9diuns e oradores esp\u00edritas da atualidade"},"content":{"rendered":"<p class=\"m_566372487070360847s4\"><em>O m\u00e9dium, filantropo e orador esp\u00edrita Divaldo Franco, de 91 anos, receber\u00e1, na pr\u00f3xima\u00a0ter\u00e7a-feira (14),\u00a0a comenda da Ordem do M\u00e9rito Judici\u00e1rio do Trabalho (OMJT), oferecida pelo\u00a0Tribunal Superior do Trabalho (TST).\u00a0A solenidade tem o objetivo de agraciar personalidades civis e militares, nacionais ou estrangeiras, que tenham se distinguido no exerc\u00edcio de suas profiss\u00f5es<\/em><\/p>\n<p class=\"m_566372487070360847s4\">Nascido em Feira de Santana (BA), o l\u00edder esp\u00edrita j\u00e1 publicou mais de 250 livros e fundou o Centro Esp\u00edrita Caminho da Reden\u00e7\u00e3o &#8211; Mans\u00e3o do Caminho, em Salvador. \u00c9 reconhecido como um dos maiores m\u00e9diuns e oradores esp\u00edritas da atualidade e o maior divulgador da Doutrina Esp\u00edrita pelo mundo. O m\u00e9dium\u00a0 atende diariamente cerca de tr\u00eas mil crian\u00e7as, adolescentes e jovens,\u00a0de fam\u00edlias de baixa renda, em regime de semi-internato e externato.\u00a0E possui mais de 600 filhos adotivos e mais de 200 netos e bisnetos. <u><\/u><u><\/u><\/p>\n<p class=\"m_566372487070360847s4\">O evento \u00e9 aberto ao p\u00fablico e ser\u00e1 na \u00e1rea externa do\u00a0TST, \u00e0s 17h.<\/p>\n<p class=\"m_566372487070360847s4\">Os ministros do Supremo Tribunal Federal (STF) Dias Toffoli, Lu\u00eds Roberto Barroso, Edson Fachin e Alexandre de Moraes e a procuradora-geral da Rep\u00fablica, Raquel Dodge, tamb\u00e9m est\u00e3o entre as autoridades p\u00fablicas agraciadas na edi\u00e7\u00e3o deste ano. No total, ser\u00e3o 45 homenageados entre institui\u00e7\u00f5es, agentes p\u00fablicos e personalidades. <u><\/u><u><\/u><\/p>\n<p class=\"m_566372487070360847s4\"><b>Servi\u00e7o\u00a0 \u00a0 \u00a0 \u00a0 <u><\/u><u><\/u><\/b><\/p>\n<p class=\"m_566372487070360847s8\">Ordem do M\u00e9rito Judici\u00e1rio do Trabalho (OMJT)<u><\/u><u><\/u><\/p>\n<p class=\"m_566372487070360847s8\">14 de agosto, a partir das 17h<u><\/u><u><\/u><\/p>\n<p class=\"m_566372487070360847s11\"><span class=\"m_566372487070360847s9\">Tribunal Superior do Trabalho &#8211;\u00a0<\/span><span class=\"m_566372487070360847s10\">Setor de Administra\u00e7\u00e3o Federal Sul (SAFS) Quadra 8 \u2013 Conjunto A &#8211; Bras\u00edlia-DF<\/span><\/p>\n","protected":false},"excerpt":{"rendered":"<p>O m\u00e9dium, filantropo e orador esp\u00edrita Divaldo Franco, de 91 anos, receber\u00e1, na pr\u00f3xima\u00a0ter\u00e7a-feira (14),\u00a0a comenda da Ordem do M\u00e9rito Judici\u00e1rio do Trabalho (OMJT), oferecida pelo\u00a0Tribunal Superior do Trabalho (TST).\u00a0A solenidade tem o objetivo de agraciar personalidades civis e militares, nacionais ou estrangeiras, que tenham se distinguido no exerc\u00edcio de suas profiss\u00f5es Nascido em Feira de Santana (BA), o l\u00edder [&hellip;]<\/p>\n","protected":false},"author":27,"featured_media":0,"comment_status":"open","ping_status":"closed","sticky":false,"template":"","format":"standard","meta":{"footnotes":""},"categories":[2719],"tags":[1035,2955,13073,13076,4791,13077,11312,4204,13074,51,200,13079,13075,13078,4167,9169,503],"class_list":["post-9985","post","type-post","status-publish","format-standard","hentry","category-servidor","tag-civis","tag-comenda","tag-divaldo-franco","tag-espirita","tag-estrangeiras","tag-filantropo","tag-homenagear","tag-livros","tag-medium","tag-militares","tag-nacionais","tag-omjt","tag-orador","tag-ordem-do-merito-judiciario-do-trabalho","tag-personalidades","tag-profissoes","tag-tst"],"_links":{"self":[{"href":"https:\/\/blogs.correiobraziliense.com.br\/servidor\/wp-json\/wp\/v2\/posts\/9985","targetHints":{"allow":["GET"]}}],"collection":[{"href":"https:\/\/blogs.correiobraziliense.com.br\/servidor\/wp-json\/wp\/v2\/posts"}],"about":[{"href":"https:\/\/blogs.correiobraziliense.com.br\/servidor\/wp-json\/wp\/v2\/types\/post"}],"author":[{"embeddable":true,"href":"https:\/\/blogs.correiobraziliense.com.br\/servidor\/wp-json\/wp\/v2\/users\/27"}],"replies":[{"embeddable":true,"href":"https:\/\/blogs.correiobraziliense.com.br\/servidor\/wp-json\/wp\/v2\/comments?post=9985"}],"version-history":[{"count":1,"href":"https:\/\/blogs.correiobraziliense.com.br\/servidor\/wp-json\/wp\/v2\/posts\/9985\/revisions"}],"predecessor-version":[{"id":9986,"href":"https:\/\/blogs.correiobraziliense.com.br\/servidor\/wp-json\/wp\/v2\/posts\/9985\/revisions\/9986"}],"wp:attachment":[{"href":"https:\/\/blogs.correiobraziliense.com.br\/servidor\/wp-json\/wp\/v2\/media?parent=9985"}],"wp:term":[{"taxonomy":"category","embeddable":true,"href":"https:\/\/blogs.correiobraziliense.com.br\/servidor\/wp-json\/wp\/v2\/categories?post=9985"},{"taxonomy":"post_tag","embeddable":true,"href":"https:\/\/blogs.correiobraziliense.com.br\/servidor\/wp-json\/wp\/v2\/tags?post=9985"}],"curies":[{"name":"wp","href":"https:\/\/api.w.org\/{rel}","templated":true}]}}