{"id":998,"date":"2016-02-16T12:36:10","date_gmt":"2016-02-16T14:36:10","guid":{"rendered":"https:\/\/blogs.correiobraziliense.com.br\/servidor\/?p=998"},"modified":"2016-02-16T12:45:00","modified_gmt":"2016-02-16T14:45:00","slug":"japones-da-federal-estara-hoje-em-brasilia","status":"publish","type":"post","link":"https:\/\/blogs.correiobraziliense.com.br\/servidor\/japones-da-federal-estara-hoje-em-brasilia\/","title":{"rendered":"JAPON\u00caS DA FEDERAL ESTAR\u00c1 AMANH\u00c3 EM BRAS\u00cdLIA"},"content":{"rendered":"<p><em>O policial participar\u00e1 da solenidade de posse da nova diretoria executiva da Federa\u00e7\u00e3o Nacional dos Policiais Federais (Fenapef)<\/em><\/p>\n<p>&nbsp;<\/p>\n<p>Nesta quarta-feira, 17, a nova diretoria executiva da Federa\u00e7\u00e3o Nacional dos Policiais Federais (Fenapef) far\u00e1 a solenidade de posse para a apresenta\u00e7\u00e3o dos diretores eleitos. A cerim\u00f4nia ser\u00e1 na sede da Ordem Advogados do Brasil Nacional (OAB), \u00e0s 20h.<\/p>\n<p>Entre os convidados est\u00e3o o ministro da Justi\u00e7a, Jos\u00e9 Eduardo Cardozo, o diretor-geral da PF, Leandro Daiello, parlamentares e autoridades. A imprensa tamb\u00e9m est\u00e1 convidada.<\/p>\n<p>Os deputados federais, Alu\u00edsio Mendes (PSDC\/MA) e Eduardo Bolsonaro confirmaram a presen\u00e7a no evento. Tamb\u00e9m o s\u00edmbolo de combate \u00e0 corrup\u00e7\u00e3o \u201cJapon\u00eas da Federal\u201d, Newton Ishii, garantiu sua participa\u00e7\u00e3o na solenidade.<\/p>\n","protected":false},"excerpt":{"rendered":"<p>O policial participar\u00e1 da solenidade de posse da nova diretoria executiva da Federa\u00e7\u00e3o Nacional dos Policiais Federais (Fenapef) &nbsp; Nesta quarta-feira, 17, a nova diretoria executiva da Federa\u00e7\u00e3o Nacional dos Policiais Federais (Fenapef) far\u00e1 a solenidade de posse para a apresenta\u00e7\u00e3o dos diretores eleitos. A cerim\u00f4nia ser\u00e1 na sede da Ordem Advogados do Brasil Nacional (OAB), \u00e0s 20h. Entre os [&hellip;]<\/p>\n","protected":false},"author":27,"featured_media":0,"comment_status":"open","ping_status":"closed","sticky":false,"template":"","format":"standard","meta":{"footnotes":""},"categories":[1],"tags":[867,869,107,866,868],"class_list":["post-998","post","type-post","status-publish","format-standard","hentry","category-sem-categoria","tag-brasilia","tag-diretoria-executiva","tag-fenapef","tag-japones-da-federal","tag-posse"],"_links":{"self":[{"href":"https:\/\/blogs.correiobraziliense.com.br\/servidor\/wp-json\/wp\/v2\/posts\/998","targetHints":{"allow":["GET"]}}],"collection":[{"href":"https:\/\/blogs.correiobraziliense.com.br\/servidor\/wp-json\/wp\/v2\/posts"}],"about":[{"href":"https:\/\/blogs.correiobraziliense.com.br\/servidor\/wp-json\/wp\/v2\/types\/post"}],"author":[{"embeddable":true,"href":"https:\/\/blogs.correiobraziliense.com.br\/servidor\/wp-json\/wp\/v2\/users\/27"}],"replies":[{"embeddable":true,"href":"https:\/\/blogs.correiobraziliense.com.br\/servidor\/wp-json\/wp\/v2\/comments?post=998"}],"version-history":[{"count":2,"href":"https:\/\/blogs.correiobraziliense.com.br\/servidor\/wp-json\/wp\/v2\/posts\/998\/revisions"}],"predecessor-version":[{"id":1000,"href":"https:\/\/blogs.correiobraziliense.com.br\/servidor\/wp-json\/wp\/v2\/posts\/998\/revisions\/1000"}],"wp:attachment":[{"href":"https:\/\/blogs.correiobraziliense.com.br\/servidor\/wp-json\/wp\/v2\/media?parent=998"}],"wp:term":[{"taxonomy":"category","embeddable":true,"href":"https:\/\/blogs.correiobraziliense.com.br\/servidor\/wp-json\/wp\/v2\/categories?post=998"},{"taxonomy":"post_tag","embeddable":true,"href":"https:\/\/blogs.correiobraziliense.com.br\/servidor\/wp-json\/wp\/v2\/tags?post=998"}],"curies":[{"name":"wp","href":"https:\/\/api.w.org\/{rel}","templated":true}]}}