{"id":9958,"date":"2018-08-09T15:48:00","date_gmt":"2018-08-09T18:48:00","guid":{"rendered":"https:\/\/blogs.correiobraziliense.com.br\/servidor\/?p=9958"},"modified":"2018-08-20T17:35:35","modified_gmt":"2018-08-20T20:35:35","slug":"fgv-lanca-escola-de-politicas-digitais-com-oferta-de-capacitacao-gratuita-para-servidores-publicos","status":"publish","type":"post","link":"https:\/\/blogs.correiobraziliense.com.br\/servidor\/fgv-lanca-escola-de-politicas-digitais-com-oferta-de-capacitacao-gratuita-para-servidores-publicos\/","title":{"rendered":"FGV lan\u00e7a Programa de Pol\u00edticas Digitais com oferta  de capacita\u00e7\u00e3o gratuita para servidores p\u00fablicos"},"content":{"rendered":"<p><i>Iniciativa \u00e9 uma parceria da FGV Direito Rio e Uni\u00e3o Internacional de Telecomunica\u00e7\u00f5es, com apoio do Instituto Rep\u00fablica. As inscri\u00e7\u00f5es seguem abertas at\u00e9 o dia 25 de agosto. O curso de prepara\u00e7\u00e3o online acontecer\u00e1 entre os dias 10 de setembro e 6 de outubro<br \/>\n<\/i><\/p>\n<p>A FGV Direito Rio, em parceria com a Uni\u00e3o Internacional de Telecomunica\u00e7\u00f5es (UIT), iniciar\u00e1 o projeto piloto de Programa de Pol\u00edticas Digitais (EDP), oferecendo curso de capacita\u00e7\u00e3o sobre pol\u00edticas digitais para servidores p\u00fablicos, abrangendo tr\u00eas eixos tem\u00e1ticos: acesso \u00e0 internet e a expans\u00e3o da conectividade; regula\u00e7\u00e3o de dados pessoais; e ciberseguran\u00e7a.<\/p>\n<p>A proposta \u00e9 que a capacita\u00e7\u00e3o ajude os servidores na an\u00e1lise e compreens\u00e3o do panorama das pol\u00edticas existentes e dos principais desafios tecnol\u00f3gicos e regulat\u00f3rios, bem como aponte boas pr\u00e1ticas que est\u00e3o sendo desenvolvidas no setor. As inscri\u00e7\u00f5es seguem abertas at\u00e9 o dia 25 de agosto.<\/p>\n<p>Professor da FGV Direito Rio e co-coordenador do curso, Luca Belli explica que os tr\u00eas eixos tem\u00e1ticos ser\u00e3o explorados por meio de plataforma de ensino a dist\u00e2ncia, providenciada pela UIT, e envolver\u00e1 tamb\u00e9m um encontro presencial, que ocorrer\u00e1 nos dias 18 e 19 de outubro na sede da FGV, no Rio de Janeiro.\u00a0 Os alunos dever\u00e3o, ainda, apresentar uma minidisserta\u00e7\u00e3o, de cinco a dez p\u00e1ginas, sobre um tema de escolha livre entre os assuntos debatidos ao longo do curso, aplicando as li\u00e7\u00f5es aprendidas \u00e0s tarefas que realizam no \u00e2mbito de suas atribui\u00e7\u00f5es profissionais.<\/p>\n<p>\u201cPara garantir uma din\u00e2mica participativa e a postura ativa dos servidores, o curso preparat\u00f3rio online fornecer\u00e1 os elementos b\u00e1sicos necess\u00e1rios para compreender os desafios t\u00e9cnicos e regulat\u00f3rios que ser\u00e3o explorados\u201d, esclarece Luca Belli. O professor acrescenta que, a partir dessa experi\u00eancia piloto, a EDP poder\u00e1 oferecer outras capacita\u00e7\u00f5es que estejam diretamente relacionadas ao seu campo de atua\u00e7\u00e3o.<\/p>\n<p>O curso de prepara\u00e7\u00e3o online acontecer\u00e1 entre os dias 10 de setembro e 6 de outubro. Trata-se de uma iniciativa gratuita para capacita\u00e7\u00e3o e forma\u00e7\u00e3o de funcion\u00e1rios p\u00fablicos da administra\u00e7\u00e3o p\u00fablica brasileira, direta ou indireta e de organiza\u00e7\u00f5es intergovernamentais baseadas no Brasil. S\u00e3o oferecidas 70 vagas. A prioridade\u00a0ser\u00e1 para servidores que trabalham em \u00e1reas conectadas \u00e0 digitaliza\u00e7\u00e3o da administra\u00e7\u00e3o p\u00fablica.<\/p>\n<p>O link para inscri\u00e7\u00e3o \u00e9 <a href=\"http:\/\/escueladepoliticasdigitales.org\/inscricao-capacitacao-de-alto-nivel-sobre-politicas-digitais\/\">http:\/\/escueladepoliticasdigitales.org\/inscricao-capacitacao-de-alto-nivel-sobre-politicas-digitais\/<\/a>\u00a0.<\/p>\n<p><strong>\u00a0<\/strong><\/p>\n","protected":false},"excerpt":{"rendered":"<p>Iniciativa \u00e9 uma parceria da FGV Direito Rio e Uni\u00e3o Internacional de Telecomunica\u00e7\u00f5es, com apoio do Instituto Rep\u00fablica. As inscri\u00e7\u00f5es seguem abertas at\u00e9 o dia 25 de agosto. O curso de prepara\u00e7\u00e3o online acontecer\u00e1 entre os dias 10 de setembro e 6 de outubro A FGV Direito Rio, em parceria com a Uni\u00e3o Internacional de Telecomunica\u00e7\u00f5es (UIT), iniciar\u00e1 o projeto [&hellip;]<\/p>\n","protected":false},"author":27,"featured_media":0,"comment_status":"open","ping_status":"closed","sticky":false,"template":"","format":"standard","meta":{"footnotes":""},"categories":[2719],"tags":[3866,13048,13047,167,13044,13046,13043,2726,2882,1704,24,6835,58,13045],"class_list":["post-9958","post","type-post","status-publish","format-standard","hentry","category-servidor","tag-capacitacao","tag-ciberseguranca","tag-conectividade","tag-dados","tag-dgv-direito","tag-edp","tag-escola-de-politicas-digitais","tag-fgv","tag-internet","tag-pessoais","tag-publicos","tag-regulacao","tag-servidores","tag-uit"],"_links":{"self":[{"href":"https:\/\/blogs.correiobraziliense.com.br\/servidor\/wp-json\/wp\/v2\/posts\/9958","targetHints":{"allow":["GET"]}}],"collection":[{"href":"https:\/\/blogs.correiobraziliense.com.br\/servidor\/wp-json\/wp\/v2\/posts"}],"about":[{"href":"https:\/\/blogs.correiobraziliense.com.br\/servidor\/wp-json\/wp\/v2\/types\/post"}],"author":[{"embeddable":true,"href":"https:\/\/blogs.correiobraziliense.com.br\/servidor\/wp-json\/wp\/v2\/users\/27"}],"replies":[{"embeddable":true,"href":"https:\/\/blogs.correiobraziliense.com.br\/servidor\/wp-json\/wp\/v2\/comments?post=9958"}],"version-history":[{"count":3,"href":"https:\/\/blogs.correiobraziliense.com.br\/servidor\/wp-json\/wp\/v2\/posts\/9958\/revisions"}],"predecessor-version":[{"id":10113,"href":"https:\/\/blogs.correiobraziliense.com.br\/servidor\/wp-json\/wp\/v2\/posts\/9958\/revisions\/10113"}],"wp:attachment":[{"href":"https:\/\/blogs.correiobraziliense.com.br\/servidor\/wp-json\/wp\/v2\/media?parent=9958"}],"wp:term":[{"taxonomy":"category","embeddable":true,"href":"https:\/\/blogs.correiobraziliense.com.br\/servidor\/wp-json\/wp\/v2\/categories?post=9958"},{"taxonomy":"post_tag","embeddable":true,"href":"https:\/\/blogs.correiobraziliense.com.br\/servidor\/wp-json\/wp\/v2\/tags?post=9958"}],"curies":[{"name":"wp","href":"https:\/\/api.w.org\/{rel}","templated":true}]}}