{"id":9942,"date":"2018-08-08T15:20:31","date_gmt":"2018-08-08T18:20:31","guid":{"rendered":"https:\/\/blogs.correiobraziliense.com.br\/servidor\/?p=9942"},"modified":"2018-08-08T15:20:31","modified_gmt":"2018-08-08T18:20:31","slug":"estudo-da-sae-apresenta-desafios-ao-aumento-do-investimento-privado-em-infraestrutura-no-brasil","status":"publish","type":"post","link":"https:\/\/blogs.correiobraziliense.com.br\/servidor\/estudo-da-sae-apresenta-desafios-ao-aumento-do-investimento-privado-em-infraestrutura-no-brasil\/","title":{"rendered":"Estudo da SAE apresenta desafios ao aumento do investimento privado em infraestrutura no Brasil"},"content":{"rendered":"<p><em>O relat\u00f3rio sugere que o Brasil precisar\u00e1 investir R$ 8,7 trilh\u00f5es em infraestrutura entre 2018 e 2038 para eliminar o chamado \u201chiato de infraestrutura\u201d &#8211; a diferen\u00e7a entre o investimento acumulado e o necess\u00e1rio em setores como transporte, saneamento, transmiss\u00e3o de energia, dentre outros essenciais ao desenvolvimento do pa\u00eds. As parcerias com o setor privado surgem como alternativa frente a um cen\u00e1rio de forte ajuste fiscal e pouca margem<\/em><\/p>\n<p>Os desafios ao aumento do investimento privado em infraestrutura no Brasil \u00e9 tema do quinto Relat\u00f3rio de Conjuntura divulgado nesta ter\u00e7a-feira (07), pela Secretaria Especial de Assuntos Estrat\u00e9gicos da Presid\u00eancia da Rep\u00fablica (SAE-PR).\u00a0 O estudo, a partir de entrevistas com profissionais da iniciativa privada, faz uma s\u00edntese das a\u00e7\u00f5es e propostas para o aumento do investimento em infraestrutura no pa\u00eds, em face do cen\u00e1rio atual de ajuste nos gastos p\u00fablicos.<\/p>\n<p>Estudo recente publicado por integrantes do Projeto Infra 2038, destaca o relat\u00f3rio da SAE, sugere que o Brasil precisar\u00e1 investir R$ 8,7 trilh\u00f5es em infraestrutura entre 2018 e 2038 para eliminar o chamado \u201chiato de infraestrutura\u201d, qual seja, a diferen\u00e7a entre o investimento acumulado e o necess\u00e1rio em setores como transporte, saneamento, transmiss\u00e3o de energia, dentre outros essenciais ao desenvolvimento do pa\u00eds.<\/p>\n<p>Nesse sentido, aponta, as parcerias com o setor privado surgem como alternativa frente a um cen\u00e1rio de forte ajuste fiscal e pouca margem para amplia\u00e7\u00e3o de investimentos p\u00fablicos em infraestrutura. Se bem desenhadas e reguladas, afirma o Relat\u00f3rio, essas parcerias t\u00eam o potencial de liberar recursos do or\u00e7amento do governo para outras \u00e1reas e, ao mesmo tempo, possibilitar a expans\u00e3o da infraestrutura, a implanta\u00e7\u00e3o de empreendimentos com maior rapidez e o aumento da qualidade dos servi\u00e7os prestados \u00e0 popula\u00e7\u00e3o.<\/p>\n<p>Objetivando mapear os ajustes a serem feitos para ampliar novas parcerias entre o governo e o setor privado, o Relat\u00f3rio de Conjuntura da SAE apresenta uma s\u00edntese dos principais pontos identificados nas entrevistas realizadas com profissionais de atua\u00e7\u00e3o destacada no setor de infraestrutura, entre brasileiros e estrangeiros. Pontos comuns identificados resultaram em 32 recomenda\u00e7\u00f5es que representam, segundo o estudo, um indicativo de uma agenda de pol\u00edticas p\u00fablicas a ser considerada por futuros gestores.<\/p>\n<p>A \u00edntegra do Relat\u00f3rio de Conjuntura <em>Desafios ao Aumento do Investimento Privado em Infraestrutura no Bras<\/em>il est\u00e1 dispon\u00edvel por meio do endere\u00e7o<\/p>\n<p><a href=\"http:\/\/www.secretariageral.gov.br\/estrutura\/secretaria_de_assuntos_estrategicos\/publicacoes-e-analise\/relatorios-de-conjuntura\/desafios_ao_aumento_do_investimento_privado_em_infraestrutura_no_brasil.pdf\">http:\/\/www.secretariageral.gov.br\/estrutura\/secretaria_de_assuntos_estrategicos\/publicacoes-e-analise\/relatorios-de-conjuntura\/desafios_ao_aumento_do_investimento_privado_em_infraestrutura_no_brasil.pdf<\/a><\/p>\n","protected":false},"excerpt":{"rendered":"<p>O relat\u00f3rio sugere que o Brasil precisar\u00e1 investir R$ 8,7 trilh\u00f5es em infraestrutura entre 2018 e 2038 para eliminar o chamado \u201chiato de infraestrutura\u201d &#8211; a diferen\u00e7a entre o investimento acumulado e o necess\u00e1rio em setores como transporte, saneamento, transmiss\u00e3o de energia, dentre outros essenciais ao desenvolvimento do pa\u00eds. As parcerias com o setor privado surgem como alternativa frente a [&hellip;]<\/p>\n","protected":false},"author":27,"featured_media":0,"comment_status":"open","ping_status":"closed","sticky":false,"template":"","format":"standard","meta":{"footnotes":""},"categories":[2719],"tags":[9703,2992,3355,1792,1287,13028,487,217,962,4031,13027,3516,4817,3714],"class_list":["post-9942","post","type-post","status-publish","format-standard","hentry","category-servidor","tag-ajuste-fiscal","tag-alternativa","tag-desenvolvimento","tag-energia","tag-estudo","tag-hiato-de-infraestrutura","tag-infraestrutura","tag-investimento","tag-privado","tag-relatorio","tag-sae-pr","tag-saneamento","tag-transmissao","tag-transporte"],"_links":{"self":[{"href":"https:\/\/blogs.correiobraziliense.com.br\/servidor\/wp-json\/wp\/v2\/posts\/9942","targetHints":{"allow":["GET"]}}],"collection":[{"href":"https:\/\/blogs.correiobraziliense.com.br\/servidor\/wp-json\/wp\/v2\/posts"}],"about":[{"href":"https:\/\/blogs.correiobraziliense.com.br\/servidor\/wp-json\/wp\/v2\/types\/post"}],"author":[{"embeddable":true,"href":"https:\/\/blogs.correiobraziliense.com.br\/servidor\/wp-json\/wp\/v2\/users\/27"}],"replies":[{"embeddable":true,"href":"https:\/\/blogs.correiobraziliense.com.br\/servidor\/wp-json\/wp\/v2\/comments?post=9942"}],"version-history":[{"count":1,"href":"https:\/\/blogs.correiobraziliense.com.br\/servidor\/wp-json\/wp\/v2\/posts\/9942\/revisions"}],"predecessor-version":[{"id":9943,"href":"https:\/\/blogs.correiobraziliense.com.br\/servidor\/wp-json\/wp\/v2\/posts\/9942\/revisions\/9943"}],"wp:attachment":[{"href":"https:\/\/blogs.correiobraziliense.com.br\/servidor\/wp-json\/wp\/v2\/media?parent=9942"}],"wp:term":[{"taxonomy":"category","embeddable":true,"href":"https:\/\/blogs.correiobraziliense.com.br\/servidor\/wp-json\/wp\/v2\/categories?post=9942"},{"taxonomy":"post_tag","embeddable":true,"href":"https:\/\/blogs.correiobraziliense.com.br\/servidor\/wp-json\/wp\/v2\/tags?post=9942"}],"curies":[{"name":"wp","href":"https:\/\/api.w.org\/{rel}","templated":true}]}}