{"id":9940,"date":"2018-08-08T13:24:16","date_gmt":"2018-08-08T16:24:16","guid":{"rendered":"https:\/\/blogs.correiobraziliense.com.br\/servidor\/?p=9940"},"modified":"2018-08-08T13:24:16","modified_gmt":"2018-08-08T16:24:16","slug":"saude-suplementar-avanca-no-numero-indice-do-estoque-de-emprego-em-junho-afirma-iess","status":"publish","type":"post","link":"https:\/\/blogs.correiobraziliense.com.br\/servidor\/saude-suplementar-avanca-no-numero-indice-do-estoque-de-emprego-em-junho-afirma-iess\/","title":{"rendered":"Sa\u00fade suplementar avan\u00e7a no n\u00famero-\u00edndice do estoque de emprego em junho, afirma IESS"},"content":{"rendered":"<p><em>O Instituto de Estudos de Sa\u00fade Suplementar (IESS) acaba de divulgar a nova edi\u00e7\u00e3o do &#8220;Relat\u00f3rio de Emprego na Cadeia da Sa\u00fade Suplementar&#8221;. Boletim do Instituto aponta que setor j\u00e1 representa 8,1% do total da for\u00e7a de trabalho empregada no pa\u00eds<\/em><\/p>\n<p>O n\u00famero de trabalhadores na cadeia da sa\u00fade suplementar (que engloba fornecedores de materiais, medicamentos e equipamentos; prestadores de servi\u00e7os de sa\u00fade; operadoras e seguradoras de planos de sa\u00fade) segue em crescimento, segundo o <span id=\"OBJ_PREFIX_DWT661_com_zimbra_url\" class=\"Object\"><span id=\"OBJ_PREFIX_DWT673_com_zimbra_url\" class=\"Object\"><a href=\"https:\/\/www.imcgrupo.com\/link.php?code=bDpodHRwJTNBJTJGJTJGaWVzcy5vcmcuYnIlMkYlM0ZwJTNEcHVibGljYWNvZXMlMjZpZCUzRDk0NSUyNmlkX3RpcG8lM0QxOTo0NjQ5OTY5NDplY29ub21pYS5kZkBkYWJyLmNvbS5icjo0ZWM2NGY=\" target=\"_blank\">&#8220;Relat\u00f3rio de Emprego na Cadeia da Sa\u00fade Suplementar&#8221;<\/a><\/span><\/span>, boletim mensal do IESS. O levantamento aponta que o n\u00famero de pessoas empregadas formalmente no setor cresceu 2,7% no per\u00edodo de 12 meses encerrado em junho de 2018, enquanto o total de empregos formais do conjunto econ\u00f4mico nacional apresentou leve varia\u00e7\u00e3o positiva de 0,4%.<\/p>\n<p>O relat\u00f3rio aponta que o fluxo de emprego no setor segue em alta. Em junho de 2018, a sa\u00fade suplementar admitiu 84.783 pessoas e demitiu 74.989 no pa\u00eds, ou seja, mant\u00e9m o patamar em torno de dois d\u00edgitos, com saldo positivo de contrata\u00e7\u00f5es de 9.794 pessoas, enquanto o conjunto da economia nacional apresentou saldo negativo de 661 postos formais de trabalho no mesmo m\u00eas.<\/p>\n<p>Luiz Augusto Carneiro, superintendente executivo do IESS, comenta que, mesmo com n\u00famero negativo em junho, a economia nacional come\u00e7a a dar os primeiros passos para o crescimento. &#8220;A ligeira varia\u00e7\u00e3o no per\u00edodo de 12 meses mostra que a economia est\u00e1 ensaiando a retomada de postos formais de trabalho&#8221;, pondera. &#8220;Mais do que necess\u00e1rio para o desenvolvimento do pa\u00eds, a contrata\u00e7\u00e3o formal possibilita o maior acesso dos trabalhadores ao benef\u00edcio do plano de sa\u00fade e, consequentemente, a expans\u00e3o do setor de sa\u00fade suplementar&#8221;, aponta.<\/p>\n<p>O executivo lembra que, a despeito da expressiva queda no saldo de emprego na regi\u00e3o Sul do pa\u00eds no m\u00eas<span id=\"OBJ_PREFIX_DWT662_com_zimbra_date\" class=\"Object\"> de junho<\/span>, a sa\u00fade suplementar registrou saldo de contrata\u00e7\u00e3o positivo em todas as regi\u00f5es. &#8220;A regi\u00e3o Sudeste segue como destaque na cria\u00e7\u00e3o de postos formais de trabalho para o setor, apresentando quase a metade do saldo positivo do Pa\u00eds no per\u00edodo, com mais de 4,5 mil vagas&#8221;, conclui.<\/p>\n<p>Na an\u00e1lise por subsetor do per\u00edodo de 12 meses encerrado em junho, o segmento de prestadores foi o que apresentou maior crescimento, de 2,8% na base comparativa, seguido por operadoras, com alta de 2,7%, e fornecedores, com expans\u00e3o de 2,5%. Na cadeia produtiva da sa\u00fade suplementar, o subsetor que mais emprega \u00e9 o de prestadores de servi\u00e7o (m\u00e9dicos, cl\u00ednicas, hospitais, laborat\u00f3rios e estabelecimentos de medicina diagn\u00f3stica), correspondendo a 2,5 milh\u00f5es de ocupa\u00e7\u00f5es, ou 71,6% do total do setor. J\u00e1 o subsetor de fornecedores emprega 832,2 mil pessoas, 24,0% do total. As operadoras e seguradoras empregam 153,8 mil pessoas, ou seja, 4,4% da cadeia.<\/p>\n<table border=\"0\" align=\"center\">\n<tbody>\n<tr>\n<td><strong>Dados por regi\u00e3o<\/strong><\/p>\n<p>O Sudeste foi a regi\u00e3o que apresentou o maior crescimento de empregos da cadeia de sa\u00fade, com saldo positivo de 4.525 vagas seguido pela regi\u00e3o Nordeste e Centro-Oeste, com 1.996 e 1.710, respectivamente. A regi\u00e3o Sul apresentou saldo positivo no fluxo de emprego de 1.345 e a regi\u00e3o Norte foi a \u00fanica que registrou saldo abaixo das mil vagas, com 218.<\/p>\n<p>Para deixar mais clara a rela\u00e7\u00e3o entre os empregos gerados pelo setor de sa\u00fade suplementar e o conjunto da economia nacional, o IESS criou um indicador de base 100, tendo como ponto de partida o ano de 2009. Em junho de 2018, o \u00edndice para o estoque de empregos da cadeia suplementar foi de 139, apresentando crescimento em rela\u00e7\u00e3o ao m\u00eas anterior, que havia sido de 138. O \u00edndice do mercado nacional seguiu est\u00e1vel em 110. O subsetor de Operadoras ainda \u00e9 o que tem apresentado o maior crescimento no estoque de emprego. Em junho de 2018, o \u00edndice de emprego manteve-se em 147, superior \u00e0 m\u00e9dia do setor de sa\u00fade suplementar e ao da economia. Os subsetores Fornecedores e Prestadores tamb\u00e9m mantiveram os valores em 139 e 138, respectivamente.<\/p>\n<p>A an\u00e1lise do n\u00famero-\u00edndice evid\u00eancia que, apesar da crise econ\u00f4mica, o estoque de pessoas empregadas na sa\u00fade suplementar tem conseguido manter a estabilidade (em rela\u00e7\u00e3o a 2009, ano-base do \u00edndice).<\/td>\n<\/tr>\n<tr>\n<td><\/td>\n<\/tr>\n<\/tbody>\n<\/table>\n","protected":false},"excerpt":{"rendered":"<p>O Instituto de Estudos de Sa\u00fade Suplementar (IESS) acaba de divulgar a nova edi\u00e7\u00e3o do &#8220;Relat\u00f3rio de Emprego na Cadeia da Sa\u00fade Suplementar&#8221;. Boletim do Instituto aponta que setor j\u00e1 representa 8,1% do total da for\u00e7a de trabalho empregada no pa\u00eds O n\u00famero de trabalhadores na cadeia da sa\u00fade suplementar (que engloba fornecedores de materiais, medicamentos e equipamentos; prestadores de [&hellip;]<\/p>\n","protected":false},"author":27,"featured_media":0,"comment_status":"open","ping_status":"closed","sticky":false,"template":"","format":"standard","meta":{"footnotes":""},"categories":[2719],"tags":[2609,5464,7165,197,5092,3855,9802,5505,7234,13026,2447,13025,1843,198,1054,11601,4031,616,9661,212,2993],"class_list":["post-9940","post","type-post","status-publish","format-standard","hentry","category-servidor","tag-boletim","tag-cadeia","tag-empregada","tag-emprego","tag-equipamentos","tag-estoque","tag-forca-de-trabalho","tag-formal","tag-fornecedores","tag-iess","tag-medicamentos","tag-numero-indice","tag-operadoras","tag-pais","tag-planos-de-saude","tag-prestadores","tag-relatorio","tag-saude","tag-seguradoras","tag-servico","tag-suplementar"],"_links":{"self":[{"href":"https:\/\/blogs.correiobraziliense.com.br\/servidor\/wp-json\/wp\/v2\/posts\/9940","targetHints":{"allow":["GET"]}}],"collection":[{"href":"https:\/\/blogs.correiobraziliense.com.br\/servidor\/wp-json\/wp\/v2\/posts"}],"about":[{"href":"https:\/\/blogs.correiobraziliense.com.br\/servidor\/wp-json\/wp\/v2\/types\/post"}],"author":[{"embeddable":true,"href":"https:\/\/blogs.correiobraziliense.com.br\/servidor\/wp-json\/wp\/v2\/users\/27"}],"replies":[{"embeddable":true,"href":"https:\/\/blogs.correiobraziliense.com.br\/servidor\/wp-json\/wp\/v2\/comments?post=9940"}],"version-history":[{"count":1,"href":"https:\/\/blogs.correiobraziliense.com.br\/servidor\/wp-json\/wp\/v2\/posts\/9940\/revisions"}],"predecessor-version":[{"id":9941,"href":"https:\/\/blogs.correiobraziliense.com.br\/servidor\/wp-json\/wp\/v2\/posts\/9940\/revisions\/9941"}],"wp:attachment":[{"href":"https:\/\/blogs.correiobraziliense.com.br\/servidor\/wp-json\/wp\/v2\/media?parent=9940"}],"wp:term":[{"taxonomy":"category","embeddable":true,"href":"https:\/\/blogs.correiobraziliense.com.br\/servidor\/wp-json\/wp\/v2\/categories?post=9940"},{"taxonomy":"post_tag","embeddable":true,"href":"https:\/\/blogs.correiobraziliense.com.br\/servidor\/wp-json\/wp\/v2\/tags?post=9940"}],"curies":[{"name":"wp","href":"https:\/\/api.w.org\/{rel}","templated":true}]}}