{"id":9938,"date":"2018-08-08T12:56:36","date_gmt":"2018-08-08T15:56:36","guid":{"rendered":"https:\/\/blogs.correiobraziliense.com.br\/servidor\/?p=9938"},"modified":"2018-08-08T12:56:36","modified_gmt":"2018-08-08T15:56:36","slug":"correios-agencias-e-servicos-funcionam-normalmente","status":"publish","type":"post","link":"https:\/\/blogs.correiobraziliense.com.br\/servidor\/correios-agencias-e-servicos-funcionam-normalmente\/","title":{"rendered":"Correios: ag\u00eancias e servi\u00e7os funcionam normalmente"},"content":{"rendered":"<p><em>Por meio de nota, a Empresa Brasileira de Correios e Tel\u00e9grafos (EBC) informou que, nesta quarta-feira (8), todas as unidades dos Correios est\u00e3o funcionando normalmente e todos os servi\u00e7os est\u00e3o sendo prestados. Caso alguma paralisa\u00e7\u00e3o ocorra, a empresa j\u00e1 implantou um plano de conting\u00eancia para garantir a continuidade do atendimento \u00e0 popula\u00e7\u00e3o<\/em><\/p>\n<p>A nota lembra que, na noite de ontem (7), os trabalhadores realizaram assembleias em todo o pa\u00eds e decidiram pela manuten\u00e7\u00e3o do estado de greve, sem paralisa\u00e7\u00e3o.<\/p>\n<p>&#8220;Ap\u00f3s os Correios terem ingressado com pedido de media\u00e7\u00e3o junto ao Tribunal Superior do Trabalho, o vice-presidente do tribunal, ministro Renato de Lacerda Paiva, havia proposto a manuten\u00e7\u00e3o do \u00faltimo acordo coletivo, ressalvando apenas os termos da decis\u00e3o judicial sobre o plano de sa\u00fade dos empregados, al\u00e9m de assegurar a reposi\u00e7\u00e3o da infla\u00e7\u00e3o no per\u00edodo (3,68%) sobre sal\u00e1rio e benef\u00edcios. O tribunal condicionou a proposta \u00e0 n\u00e3o realiza\u00e7\u00e3o de greve por parte dos trabalhadores. Al\u00e9m disso, solicitou, que a proposta fosse levada \u00e0s assembleias e que uma resposta fosse dada pelas federa\u00e7\u00f5es at\u00e9 quinta-feira (9).<\/p>\n<p>Os Correios j\u00e1 se manifestaram favor\u00e1veis \u00e0 proposta do TST, assim como o Minist\u00e9rio do Planejamento. No entanto, ap\u00f3s rejeitarem os argumentos da empresa e sequer avaliarem a proposta feita pelo TST, os empregados adiaram a vota\u00e7\u00e3o para nova assembleia no pr\u00f3ximo dia 14&#8221;, assinala a empresa.<\/p>\n","protected":false},"excerpt":{"rendered":"<p>Por meio de nota, a Empresa Brasileira de Correios e Tel\u00e9grafos (EBC) informou que, nesta quarta-feira (8), todas as unidades dos Correios est\u00e3o funcionando normalmente e todos os servi\u00e7os est\u00e3o sendo prestados. Caso alguma paralisa\u00e7\u00e3o ocorra, a empresa j\u00e1 implantou um plano de conting\u00eancia para garantir a continuidade do atendimento \u00e0 popula\u00e7\u00e3o A nota lembra que, na noite de ontem [&hellip;]<\/p>\n","protected":false},"author":27,"featured_media":0,"comment_status":"open","ping_status":"closed","sticky":false,"template":"","format":"standard","meta":{"footnotes":""},"categories":[2719],"tags":[11487,879,551,4379,20,2128,891,3280,506,13024,2317,545,1379,503],"class_list":["post-9938","post","type-post","status-publish","format-standard","hentry","category-servidor","tag-acordo-coletivo","tag-agencias","tag-atendimento","tag-continuidade","tag-correios","tag-ebc","tag-empregados","tag-mediacao","tag-paralisacao","tag-plano-de-contingencia","tag-plano-de-saude","tag-populacao","tag-servicos","tag-tst"],"_links":{"self":[{"href":"https:\/\/blogs.correiobraziliense.com.br\/servidor\/wp-json\/wp\/v2\/posts\/9938","targetHints":{"allow":["GET"]}}],"collection":[{"href":"https:\/\/blogs.correiobraziliense.com.br\/servidor\/wp-json\/wp\/v2\/posts"}],"about":[{"href":"https:\/\/blogs.correiobraziliense.com.br\/servidor\/wp-json\/wp\/v2\/types\/post"}],"author":[{"embeddable":true,"href":"https:\/\/blogs.correiobraziliense.com.br\/servidor\/wp-json\/wp\/v2\/users\/27"}],"replies":[{"embeddable":true,"href":"https:\/\/blogs.correiobraziliense.com.br\/servidor\/wp-json\/wp\/v2\/comments?post=9938"}],"version-history":[{"count":1,"href":"https:\/\/blogs.correiobraziliense.com.br\/servidor\/wp-json\/wp\/v2\/posts\/9938\/revisions"}],"predecessor-version":[{"id":9939,"href":"https:\/\/blogs.correiobraziliense.com.br\/servidor\/wp-json\/wp\/v2\/posts\/9938\/revisions\/9939"}],"wp:attachment":[{"href":"https:\/\/blogs.correiobraziliense.com.br\/servidor\/wp-json\/wp\/v2\/media?parent=9938"}],"wp:term":[{"taxonomy":"category","embeddable":true,"href":"https:\/\/blogs.correiobraziliense.com.br\/servidor\/wp-json\/wp\/v2\/categories?post=9938"},{"taxonomy":"post_tag","embeddable":true,"href":"https:\/\/blogs.correiobraziliense.com.br\/servidor\/wp-json\/wp\/v2\/tags?post=9938"}],"curies":[{"name":"wp","href":"https:\/\/api.w.org\/{rel}","templated":true}]}}