{"id":9929,"date":"2018-08-07T17:38:40","date_gmt":"2018-08-07T20:38:40","guid":{"rendered":"https:\/\/blogs.correiobraziliense.com.br\/servidor\/?p=9929"},"modified":"2018-08-07T17:38:40","modified_gmt":"2018-08-07T20:38:40","slug":"correios-aguarda-decisao-dos-trabalhares-sobre-proposta-do-tst","status":"publish","type":"post","link":"https:\/\/blogs.correiobraziliense.com.br\/servidor\/correios-aguarda-decisao-dos-trabalhares-sobre-proposta-do-tst\/","title":{"rendered":"Correios aguarda decis\u00e3o dos trabalhares sobre proposta do TST"},"content":{"rendered":"<p><em>Nos meses de junho e julho de 2018, representantes dos Correios e dos sindicatos dos trabalhadores fizeram 15 reuni\u00f5es para discutir as cl\u00e1usulas do acordo coletivo da categoria, destacou a Empresa Brasileira de Correios e Tel\u00e9grafos (EBC), que j\u00e1 iniciou um plano de conting\u00eancia para garantir a continuidade da presta\u00e7\u00e3o dos servi\u00e7os \u00e0 popula\u00e7\u00e3o, em caso de greve<\/em><\/p>\n<p>&#8220;Ap\u00f3s a rejei\u00e7\u00e3o em assembleias da proposta feita pela empresa aos trabalhadores, os Correios ingressaram com pedido de media\u00e7\u00e3o junto ao Tribunal Superior do Trabalho (TST). O ministro Renato de Lacerda Paiva, vice-presidente do TST, apresentou nesta ter\u00e7a-feira (7) a proposta de manter os termos do \u00faltimo acordo coletivo e assegurar a reposi\u00e7\u00e3o da infla\u00e7\u00e3o no per\u00edodo sobre sal\u00e1rio e benef\u00edcios.<\/p>\n<p>O TST solicitou, ainda, que a proposta seja levada \u00e0s assembleias e votada pelos trabalhadores at\u00e9 quinta-feira (9), com a condi\u00e7\u00e3o de que n\u00e3o haja greve nesse per\u00edodo.<\/p>\n<p>Os Correios aguardam, agora, a aprova\u00e7\u00e3o da proposta pelas assembleias para assinarem o acordo coletivo, por\u00e9m j\u00e1 implantaram um plano de conting\u00eancia para garantir a continuidade da presta\u00e7\u00e3o dos servi\u00e7os \u00e0 popula\u00e7\u00e3o, caso a greve seja deflagrada&#8221;, informou a companhia.<\/p>\n","protected":false},"excerpt":{"rendered":"<p>Nos meses de junho e julho de 2018, representantes dos Correios e dos sindicatos dos trabalhadores fizeram 15 reuni\u00f5es para discutir as cl\u00e1usulas do acordo coletivo da categoria, destacou a Empresa Brasileira de Correios e Tel\u00e9grafos (EBC), que j\u00e1 iniciou um plano de conting\u00eancia para garantir a continuidade da presta\u00e7\u00e3o dos servi\u00e7os \u00e0 popula\u00e7\u00e3o, em caso de greve &#8220;Ap\u00f3s a [&hellip;]<\/p>\n","protected":false},"author":27,"featured_media":0,"comment_status":"open","ping_status":"closed","sticky":false,"template":"","format":"standard","meta":{"footnotes":""},"categories":[2719],"tags":[11487,8875,7059,20,1248,2128,15,240,3280,615,545,54,882,212,3801,19,503],"class_list":["post-9929","post","type-post","status-publish","format-standard","hentry","category-servidor","tag-acordo-coletivo","tag-clausulas","tag-contingencia","tag-correios","tag-decisao","tag-ebc","tag-greve","tag-inflacao","tag-mediacao","tag-plano","tag-populacao","tag-proposta","tag-reposicao","tag-servico","tag-sindicatos","tag-trabalhadores","tag-tst"],"_links":{"self":[{"href":"https:\/\/blogs.correiobraziliense.com.br\/servidor\/wp-json\/wp\/v2\/posts\/9929","targetHints":{"allow":["GET"]}}],"collection":[{"href":"https:\/\/blogs.correiobraziliense.com.br\/servidor\/wp-json\/wp\/v2\/posts"}],"about":[{"href":"https:\/\/blogs.correiobraziliense.com.br\/servidor\/wp-json\/wp\/v2\/types\/post"}],"author":[{"embeddable":true,"href":"https:\/\/blogs.correiobraziliense.com.br\/servidor\/wp-json\/wp\/v2\/users\/27"}],"replies":[{"embeddable":true,"href":"https:\/\/blogs.correiobraziliense.com.br\/servidor\/wp-json\/wp\/v2\/comments?post=9929"}],"version-history":[{"count":1,"href":"https:\/\/blogs.correiobraziliense.com.br\/servidor\/wp-json\/wp\/v2\/posts\/9929\/revisions"}],"predecessor-version":[{"id":9930,"href":"https:\/\/blogs.correiobraziliense.com.br\/servidor\/wp-json\/wp\/v2\/posts\/9929\/revisions\/9930"}],"wp:attachment":[{"href":"https:\/\/blogs.correiobraziliense.com.br\/servidor\/wp-json\/wp\/v2\/media?parent=9929"}],"wp:term":[{"taxonomy":"category","embeddable":true,"href":"https:\/\/blogs.correiobraziliense.com.br\/servidor\/wp-json\/wp\/v2\/categories?post=9929"},{"taxonomy":"post_tag","embeddable":true,"href":"https:\/\/blogs.correiobraziliense.com.br\/servidor\/wp-json\/wp\/v2\/tags?post=9929"}],"curies":[{"name":"wp","href":"https:\/\/api.w.org\/{rel}","templated":true}]}}