{"id":9922,"date":"2018-08-07T14:46:49","date_gmt":"2018-08-07T17:46:49","guid":{"rendered":"https:\/\/blogs.correiobraziliense.com.br\/servidor\/?p=9922"},"modified":"2018-08-07T14:46:49","modified_gmt":"2018-08-07T17:46:49","slug":"forca-sindical-contesta-decisao-do-ministerio-do-trabalho-sobre-escolha-de-sindicalista-desconhecido-para-comite-de-estudo","status":"publish","type":"post","link":"https:\/\/blogs.correiobraziliense.com.br\/servidor\/forca-sindical-contesta-decisao-do-ministerio-do-trabalho-sobre-escolha-de-sindicalista-desconhecido-para-comite-de-estudo\/","title":{"rendered":"For\u00e7a Sindical contesta decis\u00e3o do Minist\u00e9rio do Trabalho sobre escolha de sindicalista desconhecido para Comit\u00ea de Estudo"},"content":{"rendered":"<p><em>Por meio de nota, a For\u00e7a Sindical informa que, diante da publica\u00e7\u00e3o no Di\u00e1rio Oficial da Uni\u00e3o (DOU) sobre a constitui\u00e7\u00e3o, pelo Minist\u00e9rio do Trabalho, do Comit\u00ea de Estudos Avan\u00e7ados Sobre o Futuro do Trabalho, esclareceu que seja alterado o nome do indicado Paulo Roberto Pereira, que nenhuma das centrais sindicais, que n\u00e3o foram convidadas, conhece<\/em><\/p>\n<p>Veja a nota e, em seguida, a publica\u00e7\u00e3o da Portaria 621, no DOU.<\/p>\n<p>&#8220;Diante da publica\u00e7\u00e3o no DOU (Di\u00e1rio Oficial da Uni\u00e3o) sobre a constitui\u00e7\u00e3o, pelo Minist\u00e9rio do Trabalho, do Comit\u00ea de Estudos Avan\u00e7ados Sobre o Futuro do Trabalho, a dire\u00e7\u00e3o da For\u00e7a Sindical esclarece:<br \/>\n1 \u2013 O presidente da For\u00e7a Sindical, Miguel Torres, durante reuni\u00e3o com o ministro do Trabalho, pediu a recomposi\u00e7\u00e3o do Comit\u00ea, alterando o nome do sindicalista Paulo Roberto Brito Pereira por outro nome que ser\u00e1 definido pelas centrais sindicais. \u00c9 importante esclarecer que o nome Paulo Roberto Brito Pereira n\u00e3o foi indica\u00e7\u00e3o da executiva da For\u00e7a Sindical.<br \/>\n2 \u2013 O Minist\u00e9rio do Trabalho tamb\u00e9m ir\u00e1 incluir um representante do Dieese (Departamento Intersindical de Estudos Socioecon\u00f4micos) no Comit\u00ea.<br \/>\n3 \u2013 Entendemos que o Comit\u00ea deva ser um importante espa\u00e7o de di\u00e1logo para debatermos de forma democr\u00e1tica as quest\u00f5es pertinentes ao mundo do trabalho, como o fortalecimento das entidades sindicais, ou seja, representantes de trabalhadores e empregadores.<\/p>\n<p>Miguel Torres<br \/>\nPresidente interino da For\u00e7a Sindical<\/p>\n<p>Jo\u00e3o Carlos Gon\u00e7alves \u2013 Juruna<br \/>\nSecret\u00e1rio-geral da For\u00e7a Sindical<\/p>\n<p>DOU 07\/08\/2018 &#8211; SE\u00c7\u00c3O 2 \u2013 P\u00c1GINA 52<\/p>\n<p>PORTARIA N\u00ba 621, DE 6 DE AGOSTO DE 2018<\/p>\n<p>O MINISTRO DE ESTADO DO TRABALHO, no uso das atribui\u00e7\u00f5es que lhe confere o art. 87, par\u00e1grafo \u00fanico, inciso II, da Constitui\u00e7\u00e3o Federal, e o Decreto n\u00ba 8.894, de 3 de novembro de 2016, e Considerando o art. 7\u00ba, inciso XXVII da Constitui\u00e7\u00e3o Federal, o qual disp\u00f5e que s\u00e3o direitos dos trabalhadores urbanos e rurais, al\u00e9m de outros que visem \u00e0 melhoria de sua condi\u00e7\u00e3o social, inclusive a prote\u00e7\u00e3o em face da automa\u00e7\u00e3o, na forma da lei. Considerando, ainda, a sugest\u00e3o apontada pela Organiza\u00e7\u00e3o Internacional do Trabalho de discuss\u00e3o planet\u00e1ria acerca do tema, resolve:<\/p>\n<p>Art. 1\u00ba Instituir no \u00e2mbito do Minist\u00e9rio do Trabalho o COMIT\u00ca DE ESTUDOS AVAN\u00c7ADOS SOBRE O FUTURO DO TRABALHO.<\/p>\n<p>Art. 2\u00ba O Comit\u00ea ser\u00e1 composto por:<\/p>\n<p>I &#8211; Representante do Minist\u00e9rio do Trabalho: Mario Magalh\u00e3es;<\/p>\n<p>II &#8211; Representante da Casa Civil: Bruno Dalcomo;<\/p>\n<p>III &#8211; Representante do Minist\u00e9rio da Ind\u00fastria, Com\u00e9rcio Exterior e Servi\u00e7os: Rafael H. R. Moreira;<\/p>\n<p>IV &#8211; Representante do Minist\u00e9rio P\u00fablico do Trabalho;<\/p>\n<p>V &#8211; Representante da Ordem de Advogados do Brasil;<\/p>\n<p>VI &#8211; Representante da CNI: Silvia Lorena;<\/p>\n<p>VII &#8211; Representante do IPEA: Carlos H. Corseuil;<\/p>\n<p>VIII &#8211; Paulo Roberto Brito Pereira &#8211; Sindicalista;<\/p>\n<p>IX &#8211; Jos\u00e9 Eduardo Rezende Chaves &#8211; Desembargador do Tribunal Regional do Trabalho da 3\u00aa Regi\u00e3o;<\/p>\n<p>X &#8211; Helio Zilbertajn &#8211; Professor.<\/p>\n<p>Art. 3\u00b0 A participa\u00e7\u00e3o no comit\u00ea ser\u00e1 de relevante interesse p\u00fablico, sem contrapartida ou remunera\u00e7\u00e3o.<\/p>\n<p>Art. 4\u00ba Poder\u00e3o ser convidados pessoas e institui\u00e7\u00f5es para colaborar com os trabalhos.<\/p>\n<p>Art. 5\u00ba O comit\u00ea apresentar\u00e1 relat\u00f3rio final em 45 dias, o qual receber\u00e1 ampla divulga\u00e7\u00e3o.<\/p>\n<p>Art. 6\u00ba Esta Portaria entra em vigor na data de sua publica\u00e7\u00e3o.<\/p>\n<p>CAIO VIEIRA DE MELLO<\/p>\n","protected":false},"excerpt":{"rendered":"<p>Por meio de nota, a For\u00e7a Sindical informa que, diante da publica\u00e7\u00e3o no Di\u00e1rio Oficial da Uni\u00e3o (DOU) sobre a constitui\u00e7\u00e3o, pelo Minist\u00e9rio do Trabalho, do Comit\u00ea de Estudos Avan\u00e7ados Sobre o Futuro do Trabalho, esclareceu que seja alterado o nome do indicado Paulo Roberto Pereira, que nenhuma das centrais sindicais, que n\u00e3o foram convidadas, conhece Veja a nota e, [&hellip;]<\/p>\n","protected":false},"author":27,"featured_media":0,"comment_status":"open","ping_status":"closed","sticky":false,"template":"","format":"standard","meta":{"footnotes":""},"categories":[2719],"tags":[13018,1133,2026,1769,2745,870,2841,1931,13017],"class_list":["post-9922","post","type-post","status-publish","format-standard","hentry","category-servidor","tag-comite-de-estudos","tag-dialogo","tag-dieese","tag-dou","tag-empregadores","tag-forca-sindical","tag-ministerio-do-trabalho","tag-recomposicao","tag-sindicalista"],"_links":{"self":[{"href":"https:\/\/blogs.correiobraziliense.com.br\/servidor\/wp-json\/wp\/v2\/posts\/9922","targetHints":{"allow":["GET"]}}],"collection":[{"href":"https:\/\/blogs.correiobraziliense.com.br\/servidor\/wp-json\/wp\/v2\/posts"}],"about":[{"href":"https:\/\/blogs.correiobraziliense.com.br\/servidor\/wp-json\/wp\/v2\/types\/post"}],"author":[{"embeddable":true,"href":"https:\/\/blogs.correiobraziliense.com.br\/servidor\/wp-json\/wp\/v2\/users\/27"}],"replies":[{"embeddable":true,"href":"https:\/\/blogs.correiobraziliense.com.br\/servidor\/wp-json\/wp\/v2\/comments?post=9922"}],"version-history":[{"count":1,"href":"https:\/\/blogs.correiobraziliense.com.br\/servidor\/wp-json\/wp\/v2\/posts\/9922\/revisions"}],"predecessor-version":[{"id":9923,"href":"https:\/\/blogs.correiobraziliense.com.br\/servidor\/wp-json\/wp\/v2\/posts\/9922\/revisions\/9923"}],"wp:attachment":[{"href":"https:\/\/blogs.correiobraziliense.com.br\/servidor\/wp-json\/wp\/v2\/media?parent=9922"}],"wp:term":[{"taxonomy":"category","embeddable":true,"href":"https:\/\/blogs.correiobraziliense.com.br\/servidor\/wp-json\/wp\/v2\/categories?post=9922"},{"taxonomy":"post_tag","embeddable":true,"href":"https:\/\/blogs.correiobraziliense.com.br\/servidor\/wp-json\/wp\/v2\/tags?post=9922"}],"curies":[{"name":"wp","href":"https:\/\/api.w.org\/{rel}","templated":true}]}}