{"id":9919,"date":"2018-08-07T14:24:55","date_gmt":"2018-08-07T17:24:55","guid":{"rendered":"https:\/\/blogs.correiobraziliense.com.br\/servidor\/?p=9919"},"modified":"2018-08-07T14:24:55","modified_gmt":"2018-08-07T17:24:55","slug":"mpf-discorda-de-reforma-de-punicao-por-insider-trading-aplicada-pela-cvm","status":"publish","type":"post","link":"https:\/\/blogs.correiobraziliense.com.br\/servidor\/mpf-discorda-de-reforma-de-punicao-por-insider-trading-aplicada-pela-cvm\/","title":{"rendered":"MPF discorda de reforma de puni\u00e7\u00e3o por insider trading aplicada pela CVM"},"content":{"rendered":"<p><span style=\"font-size: large\"><span style=\"font-size: medium\"><em>Procuradoria defende que Judici\u00e1rio n\u00e3o intervenha em decis\u00f5es administrativas<\/em><br \/>\n<\/span><\/span><\/p>\n<div><span style=\"font-size: large\"><span style=\"font-size: medium\">O Minist\u00e9rio P\u00fablico Federal (MPF) defendeu que o Judici\u00e1rio n\u00e3o deve intervir em decis\u00f5es tomadas em processos administrativos que cumpriram todos os requisitos legais. A manifesta\u00e7\u00e3o do MPF foi enviada ao Tribunal Regional Federal da 2\u00aa Regi\u00e3o (TRF2) em processo contra a Comiss\u00e3o de Valores Mobili\u00e1rios (CVM) e a Uni\u00e3o que pede a anula\u00e7\u00e3o de multa administrativa. Os autores, os ex-executivos da HTR (atual PetroRio) Ant\u00f4nio Carlos Sobreira de Agostino e John Milne Albuquerque Forman, foram multados pela CVM por uso de informa\u00e7\u00f5es privilegiadas (<em>insider trading<\/em>) em negocia\u00e7\u00f5es no mercado de a\u00e7\u00f5es.<\/p>\n<p>Na a\u00e7\u00e3o, Agostino e Forman alegaram que o processo administrativo da CVM n\u00e3o respeitou os princ\u00edpios da legalidade e da presun\u00e7\u00e3o de inoc\u00eancia, mas tiverem seus pedidos, inclusive de liminar, negados em primeira inst\u00e2ncia. Segundo a sindic\u00e2ncia da CVM, os ex-executivos teriam usado insider trading em neg\u00f3cios com a\u00e7\u00f5es da HTR antes da divulga\u00e7\u00e3o de fatos importantes sobre a explora\u00e7\u00e3o de po\u00e7os na Nam\u00edbia em 2013. Foi constatado que eles venderam quantidades significativas de a\u00e7\u00f5es no per\u00edodo. Os investigados pela comiss\u00e3o foram multados em R$456 mil e R$338 mil, respectivamente.<\/p>\n<p>Para o MPF na 2\u00aa Regi\u00e3o (RJ\/ES), a decis\u00e3o contr\u00e1ria aos autores deve ser mantida, j\u00e1 que a revis\u00e3o de decis\u00f5es administrativas na esfera judicial s\u00f3 deve ocorrer em hip\u00f3teses de ilegalidade no procedimento, sem entrar no m\u00e9rito administrativo. De acordo com o parecer do procurador regional da Rep\u00fablica Carlos Xavier, essa veda\u00e7\u00e3o ocorre em raz\u00e3o do princ\u00edpio da separa\u00e7\u00e3o de poderes, conforme mesmo j\u00e1 definiu o Superior Tribunal de Justi\u00e7a (STJ) em sua jurisprud\u00eancia.<br \/>\n<\/span><\/span><\/div>\n<div><span style=\"font-size: large\"><span style=\"font-size: medium\">Processo n\u00ba <span id=\"OBJ_PREFIX_DWT787_com_zimbra_phone\" class=\"Object\"><a href=\"0257765-78.1900.4.02\">0257765-78.1900.4.02<\/a><\/span>.5101<\/span><\/span><\/div>\n","protected":false},"excerpt":{"rendered":"<p>Procuradoria defende que Judici\u00e1rio n\u00e3o intervenha em decis\u00f5es administrativas O Minist\u00e9rio P\u00fablico Federal (MPF) defendeu que o Judici\u00e1rio n\u00e3o deve intervir em decis\u00f5es tomadas em processos administrativos que cumpriram todos os requisitos legais. A manifesta\u00e7\u00e3o do MPF foi enviada ao Tribunal Regional Federal da 2\u00aa Regi\u00e3o (TRF2) em processo contra a Comiss\u00e3o de Valores Mobili\u00e1rios (CVM) e a Uni\u00e3o que [&hellip;]<\/p>\n","protected":false},"author":27,"featured_media":0,"comment_status":"open","ping_status":"closed","sticky":false,"template":"","format":"standard","meta":{"footnotes":""},"categories":[2719],"tags":[13015,215,1864,561,13016,13014,64,4408,453,405,4519,562,1141,711],"class_list":["post-9919","post","type-post","status-publish","format-standard","hentry","category-servidor","tag-adminsitrativas","tag-cvm","tag-decisoes","tag-informacoes","tag-inocencia","tag-insider-trading","tag-judiciario","tag-legalidade","tag-mpf","tag-multa","tag-privilegiadas","tag-processos","tag-punicao","tag-reforma"],"_links":{"self":[{"href":"https:\/\/blogs.correiobraziliense.com.br\/servidor\/wp-json\/wp\/v2\/posts\/9919","targetHints":{"allow":["GET"]}}],"collection":[{"href":"https:\/\/blogs.correiobraziliense.com.br\/servidor\/wp-json\/wp\/v2\/posts"}],"about":[{"href":"https:\/\/blogs.correiobraziliense.com.br\/servidor\/wp-json\/wp\/v2\/types\/post"}],"author":[{"embeddable":true,"href":"https:\/\/blogs.correiobraziliense.com.br\/servidor\/wp-json\/wp\/v2\/users\/27"}],"replies":[{"embeddable":true,"href":"https:\/\/blogs.correiobraziliense.com.br\/servidor\/wp-json\/wp\/v2\/comments?post=9919"}],"version-history":[{"count":1,"href":"https:\/\/blogs.correiobraziliense.com.br\/servidor\/wp-json\/wp\/v2\/posts\/9919\/revisions"}],"predecessor-version":[{"id":9920,"href":"https:\/\/blogs.correiobraziliense.com.br\/servidor\/wp-json\/wp\/v2\/posts\/9919\/revisions\/9920"}],"wp:attachment":[{"href":"https:\/\/blogs.correiobraziliense.com.br\/servidor\/wp-json\/wp\/v2\/media?parent=9919"}],"wp:term":[{"taxonomy":"category","embeddable":true,"href":"https:\/\/blogs.correiobraziliense.com.br\/servidor\/wp-json\/wp\/v2\/categories?post=9919"},{"taxonomy":"post_tag","embeddable":true,"href":"https:\/\/blogs.correiobraziliense.com.br\/servidor\/wp-json\/wp\/v2\/tags?post=9919"}],"curies":[{"name":"wp","href":"https:\/\/api.w.org\/{rel}","templated":true}]}}