{"id":9917,"date":"2018-08-07T14:20:46","date_gmt":"2018-08-07T17:20:46","guid":{"rendered":"https:\/\/blogs.correiobraziliense.com.br\/servidor\/?p=9917"},"modified":"2018-08-07T14:20:46","modified_gmt":"2018-08-07T17:20:46","slug":"trabalhadores-dos-correios-entram-em-greve-nesta-terca-feira-contra-retiradas-de-direitos-e-privatizacao","status":"publish","type":"post","link":"https:\/\/blogs.correiobraziliense.com.br\/servidor\/trabalhadores-dos-correios-entram-em-greve-nesta-terca-feira-contra-retiradas-de-direitos-e-privatizacao\/","title":{"rendered":"Trabalhadores dos Correios entram em greve nesta ter\u00e7a-feira contra retiradas de direitos e a privatiza\u00e7\u00e3o"},"content":{"rendered":"<p><span style=\"font-family: verdana, sans-serif\"><i>Dire\u00e7\u00e3o da ECT prop\u00f4s reajuste salarial rebaixado e o fim de conquistas hist\u00f3ricas da categoria. Nesta ter\u00e7a-feira, os trabalhadores dos Correios v\u00e3o iniciar greve por tempo indeterminado em todo o Brasil, com in\u00edcio \u00e0s 22 horas, apesar do boato, nas redes sociais, sobre uma proposta nova da ECT. Por\u00e9m, o\u00a0 Comando de Negocia\u00e7\u00e3o n\u00e3o recebeu informa\u00e7\u00e3o oficial. Logo, a orienta\u00e7\u00e3o \u00e9 para categoria manter a rejei\u00e7\u00e3o da nova proposta e intensificar as mobiliza\u00e7\u00f5es<br \/>\n<\/i><\/span><\/p>\n<p>A mobiliza\u00e7\u00e3o \u00e9 fruto do insucesso das negocia\u00e7\u00f5es entre a ECT e o Comando Nacional de Mobiliza\u00e7\u00e3o e Negocia\u00e7\u00e3o da Federa\u00e7\u00e3o Nacional dos Trabalhadores em Empresas de Correios e Tel\u00e9grafos e Similares (Fentect), j\u00e1 que a dire\u00e7\u00e3o da estatal se recusa a atender as reivindica\u00e7\u00f5es da categoria,informa a entidade sindical. A ECT sugeriu, at\u00e9 o momento, refor\u00e7a, apenas retiradas de direitos e conquistas hist\u00f3ricas dos trabalhadores e prop\u00f4s o reajuste rebaixado de 2,21%, que corresponde a 60% do INPC. Esse valor, entretanto, n\u00e3o cobre sequer as perdas da infla\u00e7\u00e3o, em 3,68%.<\/p>\n<p>Os 108 mil trabalhadores tamb\u00e9m v\u00e3o \u00e0s ruas lutar contra a modifica\u00e7\u00e3o do vale-refei\u00e7\u00e3o e alimenta\u00e7\u00e3o, com descontos dos dias n\u00e3o trabalhados e o aumento no compartilhamento do benef\u00edcio para acima de 5%, al\u00e9m do corte do vale-alimenta\u00e7\u00e3o durante a licen\u00e7a m\u00e9dica por acidente de trabalho; pagamento do ticket extra e nas f\u00e9rias proporcionalmente aos dias trabalhadores; redu\u00e7\u00e3o do adicional noturno; a exclus\u00e3o do vale-cultura; a redu\u00e7\u00e3o dos dias para acompanhamento de dependentes (atualmente s\u00e3o seis dias e a empresa quer reduzir para tr\u00eas); implanta\u00e7\u00e3o do ponto eletr\u00f4nico sem o registro dispon\u00edvel para o empregado e redu\u00e7\u00e3o em 50% do valor pago aos s\u00e1bados e domingos, entre outros.<\/p>\n<p>Para o secret\u00e1rio geral da Fentect, Jos\u00e9 Rivaldo da Silva, nem mesmo a proposta final apresentada pela ECT atende as demandas dos trabalhadores. Os retrocessos permaneceram no texto, com o enfraquecimento dos direitos da categoria, o arrocho de sal\u00e1rios e retiradas significativas. \u201cEstamos abertos ao di\u00e1logo para avan\u00e7ar nas negocia\u00e7\u00f5es. Mas, se n\u00e3o houver progressos, a greve deflagrada continuar\u00e1 por tempo indeterminado a partir de hoje\u201d, afirma.<\/p>\n<p>As assembleias para deflagra\u00e7\u00e3o da greve ser\u00e3o a partir das 18 horas, em sindicatos dos trabalhadores dos Correios por todo o pa\u00eds. No dia 26 de julho, todos rejeitaram a proposta da ECT, com unanimidade, e aprovaram o indicativo de paralisa\u00e7\u00e3o para esta ter\u00e7a-feira.<\/p>\n<p>Ainda hoje, foi lan\u00e7ado boato nas redes sociais sobre uma proposta nova da ECT. Por\u00e9m, o Comando de Negocia\u00e7\u00e3o da Fentect n\u00e3o recebeu nenhuma informa\u00e7\u00e3o oficial. Logo, a orienta\u00e7\u00e3o \u00e9 para que toda a categoria mantenha a rejei\u00e7\u00e3o da nova proposta e intensifique as mobiliza\u00e7\u00f5es, com participa\u00e7\u00e3o maci\u00e7a nas assembleias, para lutar por direitos hist\u00f3ricos conquistados, pelos empregos e contra a privatiza\u00e7\u00e3o dos Correios, patrim\u00f4nio nacional, enfatiza a entidade.<\/p>\n","protected":false},"excerpt":{"rendered":"<p>Dire\u00e7\u00e3o da ECT prop\u00f4s reajuste salarial rebaixado e o fim de conquistas hist\u00f3ricas da categoria. Nesta ter\u00e7a-feira, os trabalhadores dos Correios v\u00e3o iniciar greve por tempo indeterminado em todo o Brasil, com in\u00edcio \u00e0s 22 horas, apesar do boato, nas redes sociais, sobre uma proposta nova da ECT. Por\u00e9m, o\u00a0 Comando de Negocia\u00e7\u00e3o n\u00e3o recebeu informa\u00e7\u00e3o oficial. Logo, a orienta\u00e7\u00e3o [&hellip;]<\/p>\n","protected":false},"author":27,"featured_media":0,"comment_status":"open","ping_status":"closed","sticky":false,"template":"","format":"standard","meta":{"footnotes":""},"categories":[2719],"tags":[6909,1776,7313,20,619,414,15,1001,54,63,13013,1083,2771,18,19],"class_list":["post-9917","post","type-post","status-publish","format-standard","hentry","category-servidor","tag-boato","tag-comando","tag-conquistas","tag-correios","tag-direitos","tag-ect","tag-greve","tag-privatizacao","tag-proposta","tag-reajuste","tag-rebaixado","tag-redes-sociais","tag-rejeicao","tag-salarial","tag-trabalhadores"],"_links":{"self":[{"href":"https:\/\/blogs.correiobraziliense.com.br\/servidor\/wp-json\/wp\/v2\/posts\/9917","targetHints":{"allow":["GET"]}}],"collection":[{"href":"https:\/\/blogs.correiobraziliense.com.br\/servidor\/wp-json\/wp\/v2\/posts"}],"about":[{"href":"https:\/\/blogs.correiobraziliense.com.br\/servidor\/wp-json\/wp\/v2\/types\/post"}],"author":[{"embeddable":true,"href":"https:\/\/blogs.correiobraziliense.com.br\/servidor\/wp-json\/wp\/v2\/users\/27"}],"replies":[{"embeddable":true,"href":"https:\/\/blogs.correiobraziliense.com.br\/servidor\/wp-json\/wp\/v2\/comments?post=9917"}],"version-history":[{"count":1,"href":"https:\/\/blogs.correiobraziliense.com.br\/servidor\/wp-json\/wp\/v2\/posts\/9917\/revisions"}],"predecessor-version":[{"id":9918,"href":"https:\/\/blogs.correiobraziliense.com.br\/servidor\/wp-json\/wp\/v2\/posts\/9917\/revisions\/9918"}],"wp:attachment":[{"href":"https:\/\/blogs.correiobraziliense.com.br\/servidor\/wp-json\/wp\/v2\/media?parent=9917"}],"wp:term":[{"taxonomy":"category","embeddable":true,"href":"https:\/\/blogs.correiobraziliense.com.br\/servidor\/wp-json\/wp\/v2\/categories?post=9917"},{"taxonomy":"post_tag","embeddable":true,"href":"https:\/\/blogs.correiobraziliense.com.br\/servidor\/wp-json\/wp\/v2\/tags?post=9917"}],"curies":[{"name":"wp","href":"https:\/\/api.w.org\/{rel}","templated":true}]}}