{"id":9912,"date":"2018-08-07T13:08:16","date_gmt":"2018-08-07T16:08:16","guid":{"rendered":"https:\/\/blogs.correiobraziliense.com.br\/servidor\/?p=9912"},"modified":"2018-08-07T13:08:43","modified_gmt":"2018-08-07T16:08:43","slug":"tst-apresenta-proposta-de-conciliacao-para-evitar-greve-dos-correios","status":"publish","type":"post","link":"https:\/\/blogs.correiobraziliense.com.br\/servidor\/tst-apresenta-proposta-de-conciliacao-para-evitar-greve-dos-correios\/","title":{"rendered":"TST apresenta proposta de concilia\u00e7\u00e3o para evitar greve dos Correios"},"content":{"rendered":"<p><em>Os dirigentes sindicais t\u00eam prazo para resposta ao TST at\u00e9 a pr\u00f3xima quinta-feira (9 de agosto). J\u00e1 a ECT tem at\u00e9 o dia 10 de agosto para se manifestar. A proposta perde a vig\u00eancia caso os trabalhadores optem pela greve ao longo deste per\u00edodo<\/em><\/p>\n<p>O vice-presidente do Tribunal Superior do Trabalho (TST), ministro Renato de Lacerda Paiva, apresentou, nesta ter\u00e7a-feira (7), <a href=\"http:\/\/www.tst.jus.br\/documents\/10157\/6220338\/Proposta+Correios+PDF\/e60d286f-78a4-050e-e100-faa5194a1b52\" target=\"_blank\">proposta<\/a> de acordo entre a Empresa Brasileira de Correios e Tel\u00e9grafos (ECT) e trabalhadores que mant\u00eam todos os termos do acordo coletivo de 2017\/2018. O pedido de media\u00e7\u00e3o e concilia\u00e7\u00e3o pr\u00e9-processual foi ajuizado pela (ECT) na tentativa de evitar a paralisa\u00e7\u00e3o das atividades da categoria anunciada para esta semana.<\/p>\n<p>De acordo com o TST, &#8220;a proposta do ministro tamb\u00e9m inclui a reposi\u00e7\u00e3o salarial pela infla\u00e7\u00e3o no per\u00edodo, medida pelo INPC e est\u00e1 condicionada a aus\u00eancia de movimento grevista. Ou seja, caso a greve seja deflagrada, a proposta \u00e9 retirada e o processo de media\u00e7\u00e3o encerrado&#8221;.<\/p>\n<p>\u201cPondero que a presente proposta representa o melhor resultado poss\u00edvel para os trabalhadores\u201d, destacou o ministro. Segundo ele, conforme a jurisprud\u00eancia da Se\u00e7\u00e3o Especializada em Diss\u00eddios Coletivos do TST, se o caso for levado a julgamento, os trabalhadores correm o risco de comprometerem a preexist\u00eancia das cl\u00e1usulas sociais j\u00e1 existentes.<\/p>\n<p>\u201cA presente proposta significa o resultado de um julgamento, sem custo algum para os trabalhadores, de modo que n\u00e3o haveria cen\u00e1rio melhor para eles,\u201d frisou o ministro.<\/p>\n<p>O vice-presidente tamb\u00e9m ponderou a aceita\u00e7\u00e3o da proposta por parte dos dirigentes da ECT, considerando o cen\u00e1rio de fragilidade por parte dos trabalhadores, bem como o esfor\u00e7o para manter o clima organizacional em condi\u00e7\u00f5es adequadas.<\/p>\n<p><strong>Prazo para resposta<\/strong><\/p>\n<p>Os dirigentes sindicais devem analisar e votar sobre a aceita\u00e7\u00e3o ou n\u00e3o da proposta em assembleias da categoria. O prazo para resposta ao TST sobre a aceita\u00e7\u00e3o da proposta \u00e9 at\u00e9 a pr\u00f3xima quinta-feira (9 de agosto). J\u00e1 a ECT tem at\u00e9 o dia 10 de agosto para se manifestar.<\/p>\n<p>A proposta perde a vig\u00eancia caso os trabalhadores optem pela greve da categoria ao longo deste per\u00edodo.<\/p>\n<p>Processo: <a href=\"https:\/\/pje.tst.jus.br\/consultaprocessual\/pages\/consultas\/ListaProcessos.seam?numero_unic=1000562-40.2018.5.00.0000\">PMPP-1000562-40.2018.5.00.0000<\/a><\/p>\n","protected":false},"excerpt":{"rendered":"<p>Os dirigentes sindicais t\u00eam prazo para resposta ao TST at\u00e9 a pr\u00f3xima quinta-feira (9 de agosto). J\u00e1 a ECT tem at\u00e9 o dia 10 de agosto para se manifestar. A proposta perde a vig\u00eancia caso os trabalhadores optem pela greve ao longo deste per\u00edodo O vice-presidente do Tribunal Superior do Trabalho (TST), ministro Renato de Lacerda Paiva, apresentou, nesta ter\u00e7a-feira [&hellip;]<\/p>\n","protected":false},"author":27,"featured_media":0,"comment_status":"open","ping_status":"closed","sticky":false,"template":"","format":"standard","meta":{"footnotes":""},"categories":[2719],"tags":[112,463,13011,3363,1238,20,2050,414,2877,15,3280,506,54,1260,19,503],"class_list":["post-9912","post","type-post","status-publish","format-standard","hentry","category-servidor","tag-acordo","tag-atividades","tag-caegoria","tag-coletivo","tag-conciliacao","tag-correios","tag-dirigentes","tag-ect","tag-evitar","tag-greve","tag-mediacao","tag-paralisacao","tag-proposta","tag-sindicais","tag-trabalhadores","tag-tst"],"_links":{"self":[{"href":"https:\/\/blogs.correiobraziliense.com.br\/servidor\/wp-json\/wp\/v2\/posts\/9912","targetHints":{"allow":["GET"]}}],"collection":[{"href":"https:\/\/blogs.correiobraziliense.com.br\/servidor\/wp-json\/wp\/v2\/posts"}],"about":[{"href":"https:\/\/blogs.correiobraziliense.com.br\/servidor\/wp-json\/wp\/v2\/types\/post"}],"author":[{"embeddable":true,"href":"https:\/\/blogs.correiobraziliense.com.br\/servidor\/wp-json\/wp\/v2\/users\/27"}],"replies":[{"embeddable":true,"href":"https:\/\/blogs.correiobraziliense.com.br\/servidor\/wp-json\/wp\/v2\/comments?post=9912"}],"version-history":[{"count":2,"href":"https:\/\/blogs.correiobraziliense.com.br\/servidor\/wp-json\/wp\/v2\/posts\/9912\/revisions"}],"predecessor-version":[{"id":9914,"href":"https:\/\/blogs.correiobraziliense.com.br\/servidor\/wp-json\/wp\/v2\/posts\/9912\/revisions\/9914"}],"wp:attachment":[{"href":"https:\/\/blogs.correiobraziliense.com.br\/servidor\/wp-json\/wp\/v2\/media?parent=9912"}],"wp:term":[{"taxonomy":"category","embeddable":true,"href":"https:\/\/blogs.correiobraziliense.com.br\/servidor\/wp-json\/wp\/v2\/categories?post=9912"},{"taxonomy":"post_tag","embeddable":true,"href":"https:\/\/blogs.correiobraziliense.com.br\/servidor\/wp-json\/wp\/v2\/tags?post=9912"}],"curies":[{"name":"wp","href":"https:\/\/api.w.org\/{rel}","templated":true}]}}