{"id":9910,"date":"2018-08-06T20:42:27","date_gmt":"2018-08-06T23:42:27","guid":{"rendered":"https:\/\/blogs.correiobraziliense.com.br\/servidor\/?p=9910"},"modified":"2018-08-06T20:42:27","modified_gmt":"2018-08-06T23:42:27","slug":"carta-dos-arquitetos-e-urbanistas-aos-candidatos-nas-eleicoes-de-2018","status":"publish","type":"post","link":"https:\/\/blogs.correiobraziliense.com.br\/servidor\/carta-dos-arquitetos-e-urbanistas-aos-candidatos-nas-eleicoes-de-2018\/","title":{"rendered":"Carta dos arquitetos e urbanistas aos candidatos nas elei\u00e7\u00f5es de 2018"},"content":{"rendered":"<p><em>O Conselho de Arquitetura e Urbanismo do Brasil e o Instituto de Arquitetos do Brasil lan\u00e7aram a\u00a0&#8220;Carta-Aberta aos Candidatos nas elei\u00e7\u00f5es de 2018 pelo Direito \u00e0 Cidade-Nossas Cidades Pedem Socorro!&#8221; com o objetivo de contribuir para que as cidades se tornem humanas, justas e sustent\u00e1veis<\/em><\/p>\n<div>No documentos, entre os principais pontos, as entidades alertam para a necessidade de uma reforma urbana, pol\u00edticas eficazes de mobilidade e de um plano nacional de desenvolvimento econ\u00f4mico que priorize a qualidade de vida. <span style=\"font-size: medium\">S\u00e3o ao todo 53 propostas abrangendo \u00e1reas como habita\u00e7\u00e3o social, mobilidade urbana, sustentabilidade, recupera\u00e7\u00e3o de centros urbanos, n\u00e3o inger\u00eancia pol\u00edtica no Minist\u00e9rio das Cidades, fortalecimento das Prefeituras e maior\u00a0participa\u00e7\u00e3o\u00a0da sociedade\u00a0<\/span>nas decis\u00f5es sobre as pol\u00edticas urbanas.<\/div>\n<div><\/div>\n<div>Veja os principais trechos:<\/div>\n<div><\/div>\n<div>1 &#8211; &#8220;Nossas cidades pedem socorro, o Brasil tem compet\u00eancia t\u00e9cnica para tratar dos problemas urbanos e n\u00e3o faltam planos ou leis para tanto. No entanto, \u00e9 imperativo implement\u00e1-los, o que exige uma assertiva decis\u00e3o pol\u00edtica para colocar em pr\u00e1tica uma reforma urbana baseada na fun\u00e7\u00e3o social da cidade prevista na Constitui\u00e7\u00e3o de 1988 e regulamentada pelo Estatuto da Cidade.<\/div>\n<div><\/div>\n<div>2- &#8220;A reforma urbana deve se contrapor\u00a0&#8220;ao urbanismo que privatiza e fecha as nossas cidades, sem evitar que a viol\u00eancia alastre-se, ante \u00e0 incapacidade do Estado de implementar pol\u00edticas eficazes de mobilidade e de enfrentamento da car\u00eancia de infraestrutura, da degrada\u00e7\u00e3o dos espa\u00e7os p\u00fablicos, da fragilidade da rela\u00e7\u00e3o cidade-meio ambiente, do espraiamento das periferias com urbaniza\u00e7\u00e3o incompleta e do crescente d\u00e9ficit habitacional.&#8221;<\/div>\n<div><span style=\"font-size: medium\"><br \/>\n<\/span><\/div>\n<div><span style=\"font-size: medium\">3-<\/span><span style=\"font-size: medium\">\u00a0&#8220;<\/span><span style=\"font-size: medium\">(&#8230;)\u00a0 \u00e9 iminente reconhecer a necessidade de estabelecer um plano nacional de desenvolvimento social e econ\u00f4mico que priorize a qualidade de vida nas cidades, atrelando a ocupa\u00e7\u00e3o do territ\u00f3rio \u00e0 economia, de modo que a gera\u00e7\u00e3o de emprego e renda sejam fomentados para que a popula\u00e7\u00e3o tenha condi\u00e7\u00f5es dignas em toda extens\u00e3o do pa\u00eds.&#8221;<br \/>\n<\/span><\/div>\n<div><\/div>\n","protected":false},"excerpt":{"rendered":"<p>O Conselho de Arquitetura e Urbanismo do Brasil e o Instituto de Arquitetos do Brasil lan\u00e7aram a\u00a0&#8220;Carta-Aberta aos Candidatos nas elei\u00e7\u00f5es de 2018 pelo Direito \u00e0 Cidade-Nossas Cidades Pedem Socorro!&#8221; com o objetivo de contribuir para que as cidades se tornem humanas, justas e sustent\u00e1veis No documentos, entre os principais pontos, as entidades alertam para a necessidade de uma reforma [&hellip;]<\/p>\n","protected":false},"author":27,"featured_media":0,"comment_status":"open","ping_status":"closed","sticky":false,"template":"","format":"standard","meta":{"footnotes":""},"categories":[2719],"tags":[13005,178,301,3355,2596,11672,12638,13008,13010,5527,70,615,13009,2142,711,13007,13006],"class_list":["post-9910","post","type-post","status-publish","format-standard","hentry","category-servidor","tag-arquitetos","tag-candidatos","tag-carta","tag-desenvolvimento","tag-economico","tag-eleicoes-2018","tag-humanas","tag-justas","tag-minsiterio-das-cidades","tag-mobilidade","tag-nacional","tag-plano","tag-propsotas","tag-recuperacao","tag-reforma","tag-sustentaveis","tag-urbanistas"],"_links":{"self":[{"href":"https:\/\/blogs.correiobraziliense.com.br\/servidor\/wp-json\/wp\/v2\/posts\/9910","targetHints":{"allow":["GET"]}}],"collection":[{"href":"https:\/\/blogs.correiobraziliense.com.br\/servidor\/wp-json\/wp\/v2\/posts"}],"about":[{"href":"https:\/\/blogs.correiobraziliense.com.br\/servidor\/wp-json\/wp\/v2\/types\/post"}],"author":[{"embeddable":true,"href":"https:\/\/blogs.correiobraziliense.com.br\/servidor\/wp-json\/wp\/v2\/users\/27"}],"replies":[{"embeddable":true,"href":"https:\/\/blogs.correiobraziliense.com.br\/servidor\/wp-json\/wp\/v2\/comments?post=9910"}],"version-history":[{"count":1,"href":"https:\/\/blogs.correiobraziliense.com.br\/servidor\/wp-json\/wp\/v2\/posts\/9910\/revisions"}],"predecessor-version":[{"id":9911,"href":"https:\/\/blogs.correiobraziliense.com.br\/servidor\/wp-json\/wp\/v2\/posts\/9910\/revisions\/9911"}],"wp:attachment":[{"href":"https:\/\/blogs.correiobraziliense.com.br\/servidor\/wp-json\/wp\/v2\/media?parent=9910"}],"wp:term":[{"taxonomy":"category","embeddable":true,"href":"https:\/\/blogs.correiobraziliense.com.br\/servidor\/wp-json\/wp\/v2\/categories?post=9910"},{"taxonomy":"post_tag","embeddable":true,"href":"https:\/\/blogs.correiobraziliense.com.br\/servidor\/wp-json\/wp\/v2\/tags?post=9910"}],"curies":[{"name":"wp","href":"https:\/\/api.w.org\/{rel}","templated":true}]}}