{"id":9903,"date":"2018-08-06T19:56:03","date_gmt":"2018-08-06T22:56:03","guid":{"rendered":"https:\/\/blogs.correiobraziliense.com.br\/servidor\/?p=9903"},"modified":"2018-08-06T19:56:03","modified_gmt":"2018-08-06T22:56:03","slug":"ineditas-oficialmente-na-campanha-vaquinhas-tem-baixo-engajamento-aponta-fgv-dapp","status":"publish","type":"post","link":"https:\/\/blogs.correiobraziliense.com.br\/servidor\/ineditas-oficialmente-na-campanha-vaquinhas-tem-baixo-engajamento-aponta-fgv-dapp\/","title":{"rendered":"In\u00e9ditas oficialmente na campanha, vaquinhas t\u00eam baixo engajamento, aponta FGV DAPP"},"content":{"rendered":"<p><em>Pedidos de doa\u00e7\u00f5es virtuais mobilizam pouco mais de 30 mil men\u00e7\u00f5es desde <span id=\"OBJ_PREFIX_DWT979_com_zimbra_date\" class=\"Object\"><span id=\"OBJ_PREFIX_DWT991_com_zimbra_date\" class=\"Object\">15 de maio<\/span><\/span>; discuss\u00f5es se dividem em n\u00facleos de apoio de Lula e Bolsonaro<\/em><\/p>\n<p>H\u00e1 mais de dois meses da data prevista pela lei para o in\u00edcio das iniciativas de financiamento coletivo para campanhas eleitorais na internet, as vaquinhas virtuais ainda parecem n\u00e3o <span id=\"OBJ_PREFIX_DWT992_com_zimbra_date\" class=\"Object\">ter<\/span> decolado entre os usu\u00e1rios do Twitter. Uma an\u00e1lise da FGV DAPP com posts publicados entre <span id=\"OBJ_PREFIX_DWT980_com_zimbra_date\" class=\"Object\"><span id=\"OBJ_PREFIX_DWT993_com_zimbra_date\" class=\"Object\">15 de maio<\/span><\/span> de <span id=\"OBJ_PREFIX_DWT981_com_zimbra_date\" class=\"Object\"><span id=\"OBJ_PREFIX_DWT994_com_zimbra_date\" class=\"Object\">30 de julho<\/span><\/span> mostra que o assunto motivou apenas 30.914 men\u00e7\u00f5es na rede, das quais 27.123 s\u00e3o retu\u00edtes.<\/p>\n<p>A presen\u00e7a de perfis automatizados \u00e9, at\u00e9 o momento, praticamente inexpressiva no debate. Entre as publica\u00e7\u00f5es dos principais grupos identificados nas discuss\u00f5es, houve 1,55% de intera\u00e7\u00f5es de rob\u00f4s no n\u00facleo vermelho, e 3,31% no azul escuro.<\/p>\n<p><img loading=\"lazy\" decoding=\"async\" src=\"http:\/\/www.imcgrupo.com\/i\/rafael.massadar@insightnet.com.br\/Vaquinha180806_165146.jpg\" alt=\"\" width=\"659\" height=\"701\" \/><\/p>\n<p>As publica\u00e7\u00f5es se organizam em dois principais grupos, bastante polarizados. O primeiro (azul escuro), concentra 43,87% dos usu\u00e1rios em torno, especialmente, de refer\u00eancias ao crowdfunding lan\u00e7ado pela campanha de Jair Bolsonaro. Entre os pedidos ou declara\u00e7\u00f5es de doa\u00e7\u00e3o, apresentam-se, em especial, tr\u00eas argumentos: (1) a doa\u00e7\u00e3o ajudaria o pr\u00e9-candidato a &#8220;livrar&#8221; o Brasil de comunistas e corruptos; (2) o dinheiro arrecadado seria um meio de viabilizar o n\u00e3o uso do fundo partid\u00e1rio; e (3) os recursos seriam uma medida compensat\u00f3ria para a falta de tempo na TV.<\/p>\n<p>Neste n\u00facleo, a postagem mais retuitada (com 751 retu\u00edtes at\u00e9 o fim do per\u00edodo de an\u00e1lise) partiu do perfil do filho do pr\u00e9-candidato e vereador do Rio, Carlos Bolsonaro, que criticou reportagem publicada em <span id=\"OBJ_PREFIX_DWT982_com_zimbra_date\" class=\"Object\"><span id=\"OBJ_PREFIX_DWT995_com_zimbra_date\" class=\"Object\">18 de julho<\/span><\/span> pelo jornal &#8220;O Globo&#8221;, que afirmava que Bolsonaro teria sido respons\u00e1vel por contribui\u00e7\u00e3o de R$ 1 para o crowdfunding de Lula.<\/p>\n<p><img loading=\"lazy\" decoding=\"async\" src=\"https:\/\/www.imcgrupo.com\/img.php?code=aTpodHRwJTNBJTJGJTJGXy00LV8lMkZpJTJGcmFmYWVsLm1hc3NhZGFyJTQwaW5zaWdodG5ldC5jb20uYnIlMkZWYXF1aW5oYTIxODA4MDZfMTY1MzQ5LmpwZzoxNDQ3NDg3NjEwOnZlcmFiYXRpc3RhLmRmQGRhYnIuY29tLmJyOmFjYzM2OA==\" alt=\"\" width=\"739\" height=\"407\" \/><\/p>\n<p>A nuvem com as palavras mais utilizadas nas postagens do cluster azul escuro demonstra a divis\u00e3o narrativa deste grupo: por um lado, os pedidos de doa\u00e7\u00e3o para Bolsonaro e, em menor volume, para Amoedo; por outro, as cr\u00edticas a Lula e ao PT \u2014 o partido chega a superar o PSL em volume de presen\u00e7a nas publica\u00e7\u00f5es.<\/p>\n<p>Nas intera\u00e7\u00f5es que envolvem contas automatizadas n\u00e3o h\u00e1, notadamente, uma \u00eanfase em pedidos de doa\u00e7\u00e3o, mas na desqualifica\u00e7\u00e3o de outros crowdfundings, especialmente o de Lula. Destaca-se, por exemplo, a incerteza sobre a possibilidade de efetivo uso dos recursos angariados pelo petista.<\/p>\n<p><img decoding=\"async\" src=\"http:\/\/www.imcgrupo.com\/i\/rafael.massadar@insightnet.com.br\/Vaquinha3180806_165519.jpg\" alt=\"\" \/><\/p>\n<p>O segundo grupo de destaque (vermelho), com 41,53% dos perfis que participaram da discuss\u00e3o no Twitter, apresenta maior coes\u00e3o e \u00e9 composto por atores mobilizados na divulga\u00e7\u00e3o da plataforma de arrecada\u00e7\u00e3o de recursos de Lula. As narrativas presentes nesses tu\u00edtes utilizam como recurso a identifica\u00e7\u00e3o da sua candidatura com o retorno da &#8220;esperan\u00e7a\/alegria&#8221; do povo e com a luta pelo estado democr\u00e1tico de direito. Comentam tamb\u00e9m o apoio dos doadores \u00e0 campanha, vinculando a arrecada\u00e7\u00e3o \u00e0 expectativa de sucesso da pr\u00f3pria candidatura de Lula. Aparecem no n\u00facleo, tamb\u00e9m, as iniciativas de arrecada\u00e7\u00e3o de doa\u00e7\u00f5es para a milit\u00e2ncia de apoio ao ex-presidente nos acampamentos &#8220;Lula Livre&#8221;.<\/p>\n<p>Os principais rob\u00f4s ativos no grupo vermelho retu\u00edtam o perfil oficial de Lula ou de pessoas vinculadas \u00e0 campanha, respons\u00e1veis por manifestar apoio ao ex-presidente e por incentivar a doa\u00e7\u00e3o para a campanha.<\/p>\n<p>Menos expressivo, o n\u00facleo verde (2,69%) representa as men\u00e7\u00f5es que envolvem o nome da pr\u00e9-candidata Marina Silva (Rede). As principais intera\u00e7\u00f5es fazem refer\u00eancia ao sucesso em atingir a meta de arrecada\u00e7\u00e3o durante a primeira semana e ao fato de a candidata usar blockchain para o registro de suas doa\u00e7\u00f5es. A plataforma escolhida pela candidata \u00e9 o Voto Legal, que usa a tecnologia blockchain, o que, segundo especialistas na \u00e1rea, traria mais seguran\u00e7a e transpar\u00eancia durante a verifica\u00e7\u00e3o das doa\u00e7\u00f5es.<\/p>\n<p><strong>Sobre as vaquinhas eleitorais<\/strong><\/p>\n<p>A &#8220;minirreforma&#8221; pol\u00edtica de 2017 (Lei 13.488\/17) abriu a possibilidade para que as plataformas online pudessem vir a ser uma forma de arrecada\u00e7\u00e3o de recursos para campanhas de candidatos. Al\u00e9m de permitir o uso da internet para tal fim, a lei define os requisitos necess\u00e1rios para a constru\u00e7\u00e3o das plataformas, como o cadastro pr\u00e9vio na Justi\u00e7a Eleitoral, a emiss\u00e3o obrigat\u00f3ria do recibo para o doador e a observ\u00e2ncia do calend\u00e1rio eleitoral. Esse mesmo entendimento est\u00e1 presente na resolu\u00e7\u00e3o 23.553\/2018, aprovada pelo TSE para regulamentar a arrecada\u00e7\u00e3o, gastos eleitorais e a presta\u00e7\u00e3o de contas das elei\u00e7\u00f5es de 2018.<\/p>\n","protected":false},"excerpt":{"rendered":"<p>Pedidos de doa\u00e7\u00f5es virtuais mobilizam pouco mais de 30 mil men\u00e7\u00f5es desde 15 de maio; discuss\u00f5es se dividem em n\u00facleos de apoio de Lula e Bolsonaro H\u00e1 mais de dois meses da data prevista pela lei para o in\u00edcio das iniciativas de financiamento coletivo para campanhas eleitorais na internet, as vaquinhas virtuais ainda parecem n\u00e3o ter decolado entre os usu\u00e1rios [&hellip;]<\/p>\n","protected":false},"author":27,"featured_media":0,"comment_status":"open","ping_status":"closed","sticky":false,"template":"","format":"standard","meta":{"footnotes":""},"categories":[2719],"tags":[792,6400,305,3363,9037,11667,11349,12422,3362,10524,2882,1361,6399,13001,13002,6692,9815,13003,8378,4426,13000,10454],"class_list":["post-9903","post","type-post","status-publish","format-standard","hentry","category-servidor","tag-apoio","tag-bolsonaro","tag-campanha","tag-coletivo","tag-discussoes","tag-doacoes","tag-engajamento","tag-fgv-dapp","tag-financiamento","tag-interacoes","tag-internet","tag-lula","tag-marina-silva","tag-mencoes","tag-nucleos","tag-posts","tag-publicacoes","tag-retuites","tag-robos","tag-twitter","tag-vaquinhas","tag-virtuais"],"_links":{"self":[{"href":"https:\/\/blogs.correiobraziliense.com.br\/servidor\/wp-json\/wp\/v2\/posts\/9903","targetHints":{"allow":["GET"]}}],"collection":[{"href":"https:\/\/blogs.correiobraziliense.com.br\/servidor\/wp-json\/wp\/v2\/posts"}],"about":[{"href":"https:\/\/blogs.correiobraziliense.com.br\/servidor\/wp-json\/wp\/v2\/types\/post"}],"author":[{"embeddable":true,"href":"https:\/\/blogs.correiobraziliense.com.br\/servidor\/wp-json\/wp\/v2\/users\/27"}],"replies":[{"embeddable":true,"href":"https:\/\/blogs.correiobraziliense.com.br\/servidor\/wp-json\/wp\/v2\/comments?post=9903"}],"version-history":[{"count":1,"href":"https:\/\/blogs.correiobraziliense.com.br\/servidor\/wp-json\/wp\/v2\/posts\/9903\/revisions"}],"predecessor-version":[{"id":9904,"href":"https:\/\/blogs.correiobraziliense.com.br\/servidor\/wp-json\/wp\/v2\/posts\/9903\/revisions\/9904"}],"wp:attachment":[{"href":"https:\/\/blogs.correiobraziliense.com.br\/servidor\/wp-json\/wp\/v2\/media?parent=9903"}],"wp:term":[{"taxonomy":"category","embeddable":true,"href":"https:\/\/blogs.correiobraziliense.com.br\/servidor\/wp-json\/wp\/v2\/categories?post=9903"},{"taxonomy":"post_tag","embeddable":true,"href":"https:\/\/blogs.correiobraziliense.com.br\/servidor\/wp-json\/wp\/v2\/tags?post=9903"}],"curies":[{"name":"wp","href":"https:\/\/api.w.org\/{rel}","templated":true}]}}