{"id":9890,"date":"2018-08-06T11:28:33","date_gmt":"2018-08-06T14:28:33","guid":{"rendered":"https:\/\/blogs.correiobraziliense.com.br\/servidor\/?p=9890"},"modified":"2018-08-06T11:28:33","modified_gmt":"2018-08-06T14:28:33","slug":"auditores-da-receita-retomam-greve-nacional-pelo-cumprimento-do-acordo-salarial","status":"publish","type":"post","link":"https:\/\/blogs.correiobraziliense.com.br\/servidor\/auditores-da-receita-retomam-greve-nacional-pelo-cumprimento-do-acordo-salarial\/","title":{"rendered":"Auditores da Receita retomam greve nacional pelo cumprimento do acordo salarial"},"content":{"rendered":"<p><em>Depois de 30 dias de espera pela regulamenta\u00e7\u00e3o do b\u00f4nus de efici\u00eancia- u extra de R$ 3 mil mensais, al\u00e9m dos sal\u00e1rios -, os auditores-fiscais da Receita Federal voltam a cruzar os bra\u00e7os por tempo indeterminado a partir de hoje<\/em><\/p>\n<p>De acordo com o Sindicato Nacional dos Auditores Fiscais da Receita Federal (Sindifiscco Nacional), o movimento havia sido suspenso no m\u00eas passado, a pedido do presidente da C\u00e2mara, Rodrigo Maia (DEM-RJ), para que pudessem ser contornadas as\u00a0 resist\u00eancias pol\u00edticas. Assembleia nacional da categoria, em 2 de julho, concordou com o retorno \u00e0 atividades nesse per\u00edodo.<\/p>\n<p>&#8220;Por\u00e9m, nada aconteceu. O decreto do b\u00f4nus continua inexplicavelmente parado na Casa Civil, ferindo a aplica\u00e7\u00e3o total da Lei 13.464\/17, que define o acordo salarial fechado em mar\u00e7o de 2016. S\u00e3o mais de dois anos de espera, protela\u00e7\u00f5es e desculpas dos interlocutores do governo federal&#8221;, aponta a nota do Sindifisco.<\/p>\n<p>&#8220;Com a greve retomada, o Sindifisco Nacional agora busca entender onde est\u00e1 o entrave para a assinatura e publica\u00e7\u00e3o do decreto do b\u00f4nus. Novamente houve quebra de confian\u00e7a. Os auditores-fiscais deixaram claro que mant\u00eam aquilo que pactuam. J\u00e1 o governo&#8230;&#8221;, refor\u00e7a o documento<\/p>\n","protected":false},"excerpt":{"rendered":"<p>Depois de 30 dias de espera pela regulamenta\u00e7\u00e3o do b\u00f4nus de efici\u00eancia- u extra de R$ 3 mil mensais, al\u00e9m dos sal\u00e1rios -, os auditores-fiscais da Receita Federal voltam a cruzar os bra\u00e7os por tempo indeterminado a partir de hoje De acordo com o Sindicato Nacional dos Auditores Fiscais da Receita Federal (Sindifiscco Nacional), o movimento havia sido suspenso no [&hellip;]<\/p>\n","protected":false},"author":27,"featured_media":0,"comment_status":"open","ping_status":"closed","sticky":false,"template":"","format":"standard","meta":{"footnotes":""},"categories":[2719],"tags":[112,3454,31,1468,61,2348,98,15,2020,8566,12995,1136,294,12996,18,2019],"class_list":["post-9890","post","type-post","status-publish","format-standard","hentry","category-servidor","tag-acordo","tag-atividade","tag-auditores","tag-bonus-de-eficiencia","tag-camara","tag-extra","tag-governo","tag-greve","tag-indeterminado","tag-lei-13-46417","tag-nacinal","tag-produtividade","tag-receita-federal","tag-resistencias","tag-salarial","tag-tempo"],"_links":{"self":[{"href":"https:\/\/blogs.correiobraziliense.com.br\/servidor\/wp-json\/wp\/v2\/posts\/9890","targetHints":{"allow":["GET"]}}],"collection":[{"href":"https:\/\/blogs.correiobraziliense.com.br\/servidor\/wp-json\/wp\/v2\/posts"}],"about":[{"href":"https:\/\/blogs.correiobraziliense.com.br\/servidor\/wp-json\/wp\/v2\/types\/post"}],"author":[{"embeddable":true,"href":"https:\/\/blogs.correiobraziliense.com.br\/servidor\/wp-json\/wp\/v2\/users\/27"}],"replies":[{"embeddable":true,"href":"https:\/\/blogs.correiobraziliense.com.br\/servidor\/wp-json\/wp\/v2\/comments?post=9890"}],"version-history":[{"count":1,"href":"https:\/\/blogs.correiobraziliense.com.br\/servidor\/wp-json\/wp\/v2\/posts\/9890\/revisions"}],"predecessor-version":[{"id":9891,"href":"https:\/\/blogs.correiobraziliense.com.br\/servidor\/wp-json\/wp\/v2\/posts\/9890\/revisions\/9891"}],"wp:attachment":[{"href":"https:\/\/blogs.correiobraziliense.com.br\/servidor\/wp-json\/wp\/v2\/media?parent=9890"}],"wp:term":[{"taxonomy":"category","embeddable":true,"href":"https:\/\/blogs.correiobraziliense.com.br\/servidor\/wp-json\/wp\/v2\/categories?post=9890"},{"taxonomy":"post_tag","embeddable":true,"href":"https:\/\/blogs.correiobraziliense.com.br\/servidor\/wp-json\/wp\/v2\/tags?post=9890"}],"curies":[{"name":"wp","href":"https:\/\/api.w.org\/{rel}","templated":true}]}}