{"id":9888,"date":"2018-08-03T20:39:10","date_gmt":"2018-08-03T23:39:10","guid":{"rendered":"https:\/\/blogs.correiobraziliense.com.br\/servidor\/?p=9888"},"modified":"2018-08-03T20:39:10","modified_gmt":"2018-08-03T23:39:10","slug":"brasil-tem-mais-de-32-milhoes-de-profissionais-de-educacao-no-mercado-de-trabalho","status":"publish","type":"post","link":"https:\/\/blogs.correiobraziliense.com.br\/servidor\/brasil-tem-mais-de-32-milhoes-de-profissionais-de-educacao-no-mercado-de-trabalho\/","title":{"rendered":"Brasil tem mais de 3,2 milh\u00f5es de profissionais de educa\u00e7\u00e3o no mercado de trabalho"},"content":{"rendered":"<p><i>No primeiro semestre do ano, mais de 7 mil novos profissionais foram contratados, segundo o Caged<\/i><\/p>\n<p>A educa\u00e7\u00e3o \u00e9 fundamental para o desenvolvimento do pa\u00eds e pilar para o crescimento de todas as profiss\u00f5es. H\u00e1 quatro anos, o pa\u00eds comemora, em 6 de agosto, o Dia\u00a0Nacional dos Profissionais de Educa\u00e7\u00e3o, institu\u00eddo pela Lei 13.054\/2014.<\/p>\n<p>Para analista de Pol\u00edticas Sociais do Observat\u00f3rio Nacional do Mercado de Trabalho do Minist\u00e9rio do Trabalho, Mariana Eug\u00eanio, os profissionais da educa\u00e7\u00e3o t\u00eam um papel decisivo na forma\u00e7\u00e3o de outros profissionais e influenciam direta e indiretamente a din\u00e2mica do mercado de trabalho. \u201cOs dados revelam o espa\u00e7o que esses profissionais t\u00eam no mercado brasileiro, em especial as mulheres, que s\u00e3o a grande maioria\u201d, afirma.<\/p>\n<p>No Brasil, existem 3.294.788 profissionais atuando na \u00e1rea, de acordo com a \u00faltima Rela\u00e7\u00e3o Anual de Informa\u00e7\u00f5es Sociais (Rais), de 2016. S\u00e3o 3,1 milh\u00f5es de professores, 66,5 mil coordenadores pedag\u00f3gicos, 38,9 mil orientadores educacionais, 37,2 mil diretores escolares e 27,4 mil supervisores de ensino.<\/p>\n<p>No primeiro semestre do ano foram criadas 7.149 novas vagas de emprego para profissionais de educa\u00e7\u00e3o, segundo o Cadastro Geral de Empregados e Desempregados (Caged). A ocupa\u00e7\u00e3o que mais gerou postos de trabalho no per\u00edodo foi a de professor (6.698), seguida da de coordenador pedag\u00f3gico (245), orientador educacional (96) e diretor escolar (83).<\/p>\n<p>Dos 6.698 professores contratados entre janeiro e junho, 4.809 foram mulheres e 1.889 homens. Os melhores desempenhos na contrata\u00e7\u00e3o desses trabalhadores ocorreram nos estados de Minas Gerais (963), S\u00e3o Paulo (844) e Bahia (812). Entre os coordenadores pedag\u00f3gicos contratados em 2018, as mulheres tamb\u00e9m foram maioria com saldo de 195 postos. O estado que mais gerou vagas para esses profissionais foi o Cear\u00e1 (51).<\/p>\n<p>S\u00e3o Paulo foi o estado que mais contratou orientador educacional (63); o Distrito Federal, diretores escolares (30); e Minas Gerais, supervisores de ensino (13).<\/p>\n<p>&nbsp;<\/p>\n","protected":false},"excerpt":{"rendered":"<p>No primeiro semestre do ano, mais de 7 mil novos profissionais foram contratados, segundo o Caged A educa\u00e7\u00e3o \u00e9 fundamental para o desenvolvimento do pa\u00eds e pilar para o crescimento de todas as profiss\u00f5es. H\u00e1 quatro anos, o pa\u00eds comemora, em 6 de agosto, o Dia\u00a0Nacional dos Profissionais de Educa\u00e7\u00e3o, institu\u00eddo pela Lei 13.054\/2014. Para analista de Pol\u00edticas Sociais do [&hellip;]<\/p>\n","protected":false},"author":27,"featured_media":0,"comment_status":"open","ping_status":"closed","sticky":false,"template":"","format":"standard","meta":{"footnotes":""},"categories":[2719],"tags":[164,4246,8900,10691,167,48,4443,489,2841,1263,2976,1075,4247,261],"class_list":["post-9888","post","type-post","status-publish","format-standard","hentry","category-servidor","tag-brasil","tag-caged","tag-contratados","tag-coordenadores","tag-dados","tag-educacao","tag-formacao","tag-mercado","tag-ministerio-do-trabalho","tag-mulheres","tag-professores","tag-profissionais","tag-rais","tag-trabalho"],"_links":{"self":[{"href":"https:\/\/blogs.correiobraziliense.com.br\/servidor\/wp-json\/wp\/v2\/posts\/9888","targetHints":{"allow":["GET"]}}],"collection":[{"href":"https:\/\/blogs.correiobraziliense.com.br\/servidor\/wp-json\/wp\/v2\/posts"}],"about":[{"href":"https:\/\/blogs.correiobraziliense.com.br\/servidor\/wp-json\/wp\/v2\/types\/post"}],"author":[{"embeddable":true,"href":"https:\/\/blogs.correiobraziliense.com.br\/servidor\/wp-json\/wp\/v2\/users\/27"}],"replies":[{"embeddable":true,"href":"https:\/\/blogs.correiobraziliense.com.br\/servidor\/wp-json\/wp\/v2\/comments?post=9888"}],"version-history":[{"count":1,"href":"https:\/\/blogs.correiobraziliense.com.br\/servidor\/wp-json\/wp\/v2\/posts\/9888\/revisions"}],"predecessor-version":[{"id":9889,"href":"https:\/\/blogs.correiobraziliense.com.br\/servidor\/wp-json\/wp\/v2\/posts\/9888\/revisions\/9889"}],"wp:attachment":[{"href":"https:\/\/blogs.correiobraziliense.com.br\/servidor\/wp-json\/wp\/v2\/media?parent=9888"}],"wp:term":[{"taxonomy":"category","embeddable":true,"href":"https:\/\/blogs.correiobraziliense.com.br\/servidor\/wp-json\/wp\/v2\/categories?post=9888"},{"taxonomy":"post_tag","embeddable":true,"href":"https:\/\/blogs.correiobraziliense.com.br\/servidor\/wp-json\/wp\/v2\/tags?post=9888"}],"curies":[{"name":"wp","href":"https:\/\/api.w.org\/{rel}","templated":true}]}}