{"id":9879,"date":"2018-08-03T14:05:27","date_gmt":"2018-08-03T17:05:27","guid":{"rendered":"https:\/\/blogs.correiobraziliense.com.br\/servidor\/?p=9879"},"modified":"2018-08-03T14:05:27","modified_gmt":"2018-08-03T17:05:27","slug":"ministerio-do-trabalho-semana-nacional-da-aprendizagem","status":"publish","type":"post","link":"https:\/\/blogs.correiobraziliense.com.br\/servidor\/ministerio-do-trabalho-semana-nacional-da-aprendizagem\/","title":{"rendered":"Minist\u00e9rio do Trabalho &#8211; Semana Nacional da Aprendizagem"},"content":{"rendered":"<p><i>Iniciativa busca conscientizar empresas sobre import\u00e2ncia de contratar jovens.\u00a0\u201cApesar da obrigatoriedade, muitas empresas deixam de cumprir essa cota exigida e s\u00e3o alvos de autua\u00e7\u00f5es pela auditoria do minist\u00e9rio\u201d, ressalta o secret\u00e1rio de Inspe\u00e7\u00e3o do Trabalho, Cl\u00e1udio Secchin<\/i><\/p>\n<p>O Minist\u00e9rio do Trabalho, em parceria com o Tribunal Superior do Trabalho (TST) e o Minist\u00e9rio P\u00fablico do Trabalho (MPT), promove dos dias 13 a 17 de agosto a 3\u00aa Semana Nacional da Aprendizagem em todo o pa\u00eds. O objetivo da campanha \u00e9 conscientizar empresas sobre a import\u00e2ncia da contrata\u00e7\u00e3o de adolescentes e jovens, conforme determina a Lei 10.097, informa o \u00f3rg\u00e3o.<\/p>\n<p>A contrata\u00e7\u00e3o tem prazo determinado de, no m\u00e1ximo, dois anos e podem participar adolescentes e jovens entre 14 e 24 anos incompletos que tenham conclu\u00eddo ou est\u00e3o cursando o ensino fundamental ou m\u00e9dio. Segundo a lei, empresas de m\u00e9dio e grande porte devem incluir aprendizes em seus quadros \u2013 o equivalente a um m\u00ednimo de 5% e, no m\u00e1ximo, de 15% em fun\u00e7\u00f5es que demandam forma\u00e7\u00e3o profissional.<\/p>\n<p>\u201cApesar da obrigatoriedade, muitas empresas deixam de cumprir essa cota exigida e s\u00e3o alvos de autua\u00e7\u00f5es pela auditoria do minist\u00e9rio\u201d, ressalta o secret\u00e1rio de Inspe\u00e7\u00e3o do Trabalho, Cl\u00e1udio Secchin. Durante a campanha, o minist\u00e9rio e seus parceiros tentam fazer que as empresas tamb\u00e9m vejam a lei como uma oportunidade de proporcionar inclus\u00e3o social, por meio do primeiro emprego para os mais jovens e da contribui\u00e7\u00e3o para a forma\u00e7\u00e3o dos futuros profissionais do pa\u00eds.<\/p>\n<p>Ser\u00e3o realizados workshops e audi\u00eancias p\u00fablicas em v\u00e1rios estados para a divulga\u00e7\u00e3o da iniciativa, inclusive com a\u00e7\u00f5es locais de inser\u00e7\u00e3o de jovens no per\u00edodo da campanha. De acordo com o Boletim de Aprendizagem Profissional, com base nos dados do Cadastro-Geral de Empregados e Desempregados (Caged), no primeiro trimestre deste ano foram contratados 124.730 jovens em programas de aprendizagem, a maioria no estado de S\u00e3o Paulo, que contratou 36.186.<\/p>\n<p>No caso de S\u00e3o Paulo, a contrata\u00e7\u00e3o alcan\u00e7ou 11,55% do potencial m\u00ednimo de 5% exigido pela lei. Santa Catarina foi o estado que alcan\u00e7ou o maior percentual de inser\u00e7\u00e3o, 24,74%, seguido da Para\u00edba (23,59%) e Sergipe (18,41%). No ano passado, foram contratados 386.791 jovens pela aprendizagem profissional em todo o pa\u00eds.<\/p>\n<p>Os dados do Boletim da Aprendizagem est\u00e3o dispon\u00edveis no link <a href=\"http:\/\/trabalho.gov.br\/images\/Boletim_jan_a_mar_2018.pdf\">http:\/\/trabalho.gov.br\/images\/Boletim_jan_a_mar_2018.pdf<\/a><\/p>\n","protected":false},"excerpt":{"rendered":"<p>Iniciativa busca conscientizar empresas sobre import\u00e2ncia de contratar jovens.\u00a0\u201cApesar da obrigatoriedade, muitas empresas deixam de cumprir essa cota exigida e s\u00e3o alvos de autua\u00e7\u00f5es pela auditoria do minist\u00e9rio\u201d, ressalta o secret\u00e1rio de Inspe\u00e7\u00e3o do Trabalho, Cl\u00e1udio Secchin O Minist\u00e9rio do Trabalho, em parceria com o Tribunal Superior do Trabalho (TST) e o Minist\u00e9rio P\u00fablico do Trabalho (MPT), promove dos dias [&hellip;]<\/p>\n","protected":false},"author":27,"featured_media":0,"comment_status":"open","ping_status":"closed","sticky":false,"template":"","format":"standard","meta":{"footnotes":""},"categories":[2719],"tags":[12987,12370,3222,775,305,11844,3809,390,4443,444,2841,3474,584,478,12986,503],"class_list":["post-9879","post","type-post","status-publish","format-standard","hentry","category-servidor","tag-adeolescentes","tag-aprendizes","tag-auditoria","tag-autuacoes","tag-campanha","tag-conscientizar","tag-contratar","tag-empresas","tag-formacao","tag-jovens","tag-ministerio-do-trabalho","tag-mpt","tag-obrigatoriedade","tag-profissional","tag-semana-nacional-da-aprendizagem","tag-tst"],"_links":{"self":[{"href":"https:\/\/blogs.correiobraziliense.com.br\/servidor\/wp-json\/wp\/v2\/posts\/9879","targetHints":{"allow":["GET"]}}],"collection":[{"href":"https:\/\/blogs.correiobraziliense.com.br\/servidor\/wp-json\/wp\/v2\/posts"}],"about":[{"href":"https:\/\/blogs.correiobraziliense.com.br\/servidor\/wp-json\/wp\/v2\/types\/post"}],"author":[{"embeddable":true,"href":"https:\/\/blogs.correiobraziliense.com.br\/servidor\/wp-json\/wp\/v2\/users\/27"}],"replies":[{"embeddable":true,"href":"https:\/\/blogs.correiobraziliense.com.br\/servidor\/wp-json\/wp\/v2\/comments?post=9879"}],"version-history":[{"count":1,"href":"https:\/\/blogs.correiobraziliense.com.br\/servidor\/wp-json\/wp\/v2\/posts\/9879\/revisions"}],"predecessor-version":[{"id":9880,"href":"https:\/\/blogs.correiobraziliense.com.br\/servidor\/wp-json\/wp\/v2\/posts\/9879\/revisions\/9880"}],"wp:attachment":[{"href":"https:\/\/blogs.correiobraziliense.com.br\/servidor\/wp-json\/wp\/v2\/media?parent=9879"}],"wp:term":[{"taxonomy":"category","embeddable":true,"href":"https:\/\/blogs.correiobraziliense.com.br\/servidor\/wp-json\/wp\/v2\/categories?post=9879"},{"taxonomy":"post_tag","embeddable":true,"href":"https:\/\/blogs.correiobraziliense.com.br\/servidor\/wp-json\/wp\/v2\/tags?post=9879"}],"curies":[{"name":"wp","href":"https:\/\/api.w.org\/{rel}","templated":true}]}}