{"id":9872,"date":"2018-08-02T19:18:14","date_gmt":"2018-08-02T22:18:14","guid":{"rendered":"https:\/\/blogs.correiobraziliense.com.br\/servidor\/?p=9872"},"modified":"2018-08-02T19:18:14","modified_gmt":"2018-08-02T22:18:14","slug":"brasil-teria-mais-de-r-4-bi-para-investir-se-tivesse-reformado-previdencia","status":"publish","type":"post","link":"https:\/\/blogs.correiobraziliense.com.br\/servidor\/brasil-teria-mais-de-r-4-bi-para-investir-se-tivesse-reformado-previdencia\/","title":{"rendered":"Brasil teria mais de R$ 4 bi para investir se tivesse reformado a Previd\u00eancia"},"content":{"rendered":"<p><em>Os n\u00fameros s\u00e3o do Previdenci\u00f4metro, ferramenta da CNI, que mostra ao pa\u00eds a import\u00e2ncia das mudan\u00e7a nas regras para aposentadoria<\/em><\/p>\n<p>Mais de R$ 4 bilh\u00f5es \u00e9 o valor da economia que o Brasil teria feito at\u00e9 esta\u00a0<span id=\"OBJ_PREFIX_DWT2109_com_zimbra_date\" class=\"Object\"><span id=\"OBJ_PREFIX_DWT2126_com_zimbra_date\" class=\"Object\">quinta<\/span><\/span>-feira (2) se a reforma da Previd\u00eancia estivesse valendo desde 1\u00ba de junho de 2017. Com esse dinheiro, seria poss\u00edvel construir 2.670 quil\u00f4metros de estradas ou 63.562 moradias populares ou, ainda, 963 escolas.<\/p>\n<p>Os n\u00fameros s\u00e3o do <span id=\"OBJ_PREFIX_DWT2110_com_zimbra_url\" class=\"Object\"><span id=\"OBJ_PREFIX_DWT2127_com_zimbra_url\" class=\"Object\"><a href=\"http:\/\/www.portaldaindustria.com.br\/cni\/canais\/reforma-da-previdencia\/\" target=\"_blank\">Previdenci\u00f4metro<\/a><\/span><\/span>, ferramenta criada pela <span id=\"OBJ_PREFIX_DWT2111_com_zimbra_url\" class=\"Object\"><span id=\"OBJ_PREFIX_DWT2128_com_zimbra_url\" class=\"Object\"><a href=\"http:\/\/www.portaldaindustria.com.br\/cni\" target=\"_blank\">Confedera\u00e7\u00e3o Nacional da Ind\u00fastria (CNI)<\/a><\/span><\/span>, que \u00e9 atualizada a cada segundo e mostra ao pa\u00eds a import\u00e2ncia das mudan\u00e7a nas regras para aposentadoria.<\/p>\n<p>Para a CNI, a reforma da Previd\u00eancia deve ser um compromisso inadi\u00e1vel de todos os candidatos \u00e0s elei\u00e7\u00f5es<span id=\"OBJ_PREFIX_DWT2112_com_zimbra_date\" class=\"Object\"> de outubro<\/span>, pois as mudan\u00e7as s\u00f3 ser\u00e3o poss\u00edveis se houver consenso pol\u00edtico no governo e no Congresso Nacional.<\/p>\n<p>\u201cN\u00e3o h\u00e1 escapat\u00f3ria. O Brasil <span id=\"OBJ_PREFIX_DWT2113_com_zimbra_date\" class=\"Object\"><span id=\"OBJ_PREFIX_DWT2129_com_zimbra_date\" class=\"Object\">ter<\/span><\/span>\u00e1 de fazer a reforma da Previd\u00eancia para n\u00e3o agravar ainda mais a crise fiscal do pa\u00eds. Quanto mais cedo fizermos a reforma, melhor para as contas p\u00fablicas e para o crescimento da economia&#8221;, afirma o presidente da CNI, Robson Braga de Andrade.<\/p>\n<p>Os valores da economia exibidos no Previdenci\u00f4metro foram calculados a partir de proje\u00e7\u00f5es feitas pelo Minist\u00e9rio da Fazenda e representam a diferen\u00e7a entre os gastos projetados com a manuten\u00e7\u00e3o das regras previdenci\u00e1rias atuais e os gastos projetados com a mudan\u00e7a dos crit\u00e9rios para a aposentadoria, de acordo com a reforma que est\u00e1 parada no Congresso. <span id=\"OBJ_PREFIX_DWT2114_com_zimbra_url\" class=\"Object\"><span id=\"OBJ_PREFIX_DWT2130_com_zimbra_url\" class=\"Object\"><a href=\"http:\/\/www.portaldaindustria.com.br\/cni\/canais\/reforma-da-previdencia\/\" target=\"_blank\">Clique aqui para conhecer o Previdenci\u00f4metro da CNI.<\/a><\/span><\/span><\/p>\n","protected":false},"excerpt":{"rendered":"<p>Os n\u00fameros s\u00e3o do Previdenci\u00f4metro, ferramenta da CNI, que mostra ao pa\u00eds a import\u00e2ncia das mudan\u00e7a nas regras para aposentadoria Mais de R$ 4 bilh\u00f5es \u00e9 o valor da economia que o Brasil teria feito at\u00e9 esta\u00a0quinta-feira (2) se a reforma da Previd\u00eancia estivesse valendo desde 1\u00ba de junho de 2017. Com esse dinheiro, seria poss\u00edvel construir 2.670 quil\u00f4metros de [&hellip;]<\/p>\n","protected":false},"author":27,"featured_media":0,"comment_status":"open","ping_status":"closed","sticky":false,"template":"","format":"standard","meta":{"footnotes":""},"categories":[2719],"tags":[6,960,164,2768,881,100,366,374,88,4160,9329,1420,67,3884,629,91,12810,12985,9727,751],"class_list":["post-9872","post","type-post","status-publish","format-standard","hentry","category-servidor","tag-aposentadoria","tag-bilhoes","tag-brasil","tag-cni","tag-compromisso","tag-congresso","tag-crise","tag-dinheiro","tag-economia","tag-escolas","tag-estradas","tag-ferramenta","tag-fiscal","tag-investir","tag-moradias","tag-mudanca","tag-presidenciaveis","tag-previdenciometro","tag-reforma-da-previdencia","tag-regras"],"_links":{"self":[{"href":"https:\/\/blogs.correiobraziliense.com.br\/servidor\/wp-json\/wp\/v2\/posts\/9872","targetHints":{"allow":["GET"]}}],"collection":[{"href":"https:\/\/blogs.correiobraziliense.com.br\/servidor\/wp-json\/wp\/v2\/posts"}],"about":[{"href":"https:\/\/blogs.correiobraziliense.com.br\/servidor\/wp-json\/wp\/v2\/types\/post"}],"author":[{"embeddable":true,"href":"https:\/\/blogs.correiobraziliense.com.br\/servidor\/wp-json\/wp\/v2\/users\/27"}],"replies":[{"embeddable":true,"href":"https:\/\/blogs.correiobraziliense.com.br\/servidor\/wp-json\/wp\/v2\/comments?post=9872"}],"version-history":[{"count":1,"href":"https:\/\/blogs.correiobraziliense.com.br\/servidor\/wp-json\/wp\/v2\/posts\/9872\/revisions"}],"predecessor-version":[{"id":9873,"href":"https:\/\/blogs.correiobraziliense.com.br\/servidor\/wp-json\/wp\/v2\/posts\/9872\/revisions\/9873"}],"wp:attachment":[{"href":"https:\/\/blogs.correiobraziliense.com.br\/servidor\/wp-json\/wp\/v2\/media?parent=9872"}],"wp:term":[{"taxonomy":"category","embeddable":true,"href":"https:\/\/blogs.correiobraziliense.com.br\/servidor\/wp-json\/wp\/v2\/categories?post=9872"},{"taxonomy":"post_tag","embeddable":true,"href":"https:\/\/blogs.correiobraziliense.com.br\/servidor\/wp-json\/wp\/v2\/tags?post=9872"}],"curies":[{"name":"wp","href":"https:\/\/api.w.org\/{rel}","templated":true}]}}