{"id":9841,"date":"2018-07-31T13:55:46","date_gmt":"2018-07-31T16:55:46","guid":{"rendered":"https:\/\/blogs.correiobraziliense.com.br\/servidor\/?p=9841"},"modified":"2018-07-31T13:55:46","modified_gmt":"2018-07-31T16:55:46","slug":"movimentos-populares-iniciam-greve-de-fome-no-stf-nesta-terca-feira","status":"publish","type":"post","link":"https:\/\/blogs.correiobraziliense.com.br\/servidor\/movimentos-populares-iniciam-greve-de-fome-no-stf-nesta-terca-feira\/","title":{"rendered":"Movimentos populares iniciam greve de fome no STF nesta ter\u00e7a-feira"},"content":{"rendered":"<div><span id=\"OBJ_PREFIX_DWT2070_com_zimbra_date\" class=\"Object\"><span id=\"OBJ_PREFIX_DWT2080_com_zimbra_date\" class=\"Object\">Hoje<\/span><\/span>, \u00e0s 16h, integrantes dos Movimentos Populares iniciam greve de fome, por tempo indeterminado, no Supremo Tribunal Federal (STF). O protesto \u00e9 pela liberta\u00e7\u00e3o do ex-presidente Lula, que se encontra como preso pol\u00edtico h\u00e1 116 dias, e cobra justi\u00e7a do Poder Judici\u00e1rio, informam os organizadores<\/div>\n<div><\/div>\n<div>A greve de fome \u00e9 organizada pelos Movimentos que integram a Via Campesina Brasil. No entanto, a a\u00e7\u00e3o faz parte da Jornada Nacional de Lutas pela Democracia e liberta\u00e7\u00e3o do ex-presidente Lu\u00eds In\u00e1cio lula da Silva.<\/div>\n<div><\/div>\n<div>Vilmar Pac\u00edfico, Jaime Amorim e Zon\u00e1lia Santos, do Movimento dos Trabalhadores Rurais Sem Terra (MST); Frei S\u00e9rgio e Rafaela Santos, do Movimento dos Pequenos Agricultores (MPA); Luiz Gonzaga (Geg\u00ea), da Central dos Movimentos Populares (CMP), comp\u00f5em o grupo de grevistas. Outros movimentos se somam nesta constru\u00e7\u00e3o, a exemplo do Conselho Indigenista Mission\u00e1rio (CIMI) e o Movimento dos Atingidos por Barragens (MAB).<\/div>\n<div><\/div>\n<div>\u00a0\u201cColoquei-me para fazer a greve de fome, pois ainda tenho essa op\u00e7\u00e3o, para que tantos outros n\u00e3o venham a passar fome, n\u00e3o venham a chegar a morrer de fome, pois nosso pa\u00eds est\u00e1 tomando rumo muito complicado, muito dif\u00edcil\u201d, explica Zon\u00e1lia Santos, do MST de Rond\u00f4nia.<\/div>\n<div><\/div>\n<div>Para Frei S\u00e9rgio, do MPA do Rio Grande do Sul, \u201ca situa\u00e7\u00e3o de desgra\u00e7a e desespero que nosso povo vive tem muitas causas econ\u00f4micas e sociais, mas os agentes diretos que operam o massacre, a injusti\u00e7a e a destrui\u00e7\u00e3o da Constitui\u00e7\u00e3o, t\u00eam nome e sobrenome e eles s\u00e3o os respons\u00e1veis por estarmos em Greve de Fome entre eles o Juiz S\u00e9rgio Moro; os Desembargadores Jo\u00e3o Pedro Gebran Neto, Leandro Paulsen e Vitor Laus; os irm\u00e3os Marinho, donos das organiza\u00e7\u00f5es Globo; os Ministros e Ministras, Luiz Edson Fachin, Carmem L\u00facia, Luiz Roberto Barroso, Rosa Weber, Lu\u00eds Fux e Alexandre Moraes\u201d.<\/div>\n<div><\/div>\n<div>A Via Campesina Brasil excluiu da responsabilidade os cinco Ministros que votaram pela garantia da presun\u00e7\u00e3o de inoc\u00eancia, entendendo que ningu\u00e9m deve ser preso at\u00e9 a condena\u00e7\u00e3o em \u00faltima instancia.<\/div>\n<div><\/div>\n<div><strong>Servi\u00e7o<\/strong>:<\/div>\n<div>*Greve de Fome*<\/div>\n<div>Onde: STF<\/div>\n<div>Inicio: 16 horas<\/div>\n","protected":false},"excerpt":{"rendered":"<p>Hoje, \u00e0s 16h, integrantes dos Movimentos Populares iniciam greve de fome, por tempo indeterminado, no Supremo Tribunal Federal (STF). O protesto \u00e9 pela liberta\u00e7\u00e3o do ex-presidente Lula, que se encontra como preso pol\u00edtico h\u00e1 116 dias, e cobra justi\u00e7a do Poder Judici\u00e1rio, informam os organizadores A greve de fome \u00e9 organizada pelos Movimentos que integram a Via Campesina Brasil. No [&hellip;]<\/p>\n","protected":false},"author":27,"featured_media":0,"comment_status":"open","ping_status":"closed","sticky":false,"template":"","format":"standard","meta":{"footnotes":""},"categories":[2719],"tags":[1106,10228,5364,1361,1042,1137,630,2568,3123,34,19],"class_list":["post-9841","post","type-post","status-publish","format-standard","hentry","category-servidor","tag-ex-presidente","tag-greve-de-fome","tag-liberacao","tag-lula","tag-movimentos","tag-poder-judiciario","tag-populares","tag-preso","tag-rurais","tag-stf","tag-trabalhadores"],"_links":{"self":[{"href":"https:\/\/blogs.correiobraziliense.com.br\/servidor\/wp-json\/wp\/v2\/posts\/9841","targetHints":{"allow":["GET"]}}],"collection":[{"href":"https:\/\/blogs.correiobraziliense.com.br\/servidor\/wp-json\/wp\/v2\/posts"}],"about":[{"href":"https:\/\/blogs.correiobraziliense.com.br\/servidor\/wp-json\/wp\/v2\/types\/post"}],"author":[{"embeddable":true,"href":"https:\/\/blogs.correiobraziliense.com.br\/servidor\/wp-json\/wp\/v2\/users\/27"}],"replies":[{"embeddable":true,"href":"https:\/\/blogs.correiobraziliense.com.br\/servidor\/wp-json\/wp\/v2\/comments?post=9841"}],"version-history":[{"count":1,"href":"https:\/\/blogs.correiobraziliense.com.br\/servidor\/wp-json\/wp\/v2\/posts\/9841\/revisions"}],"predecessor-version":[{"id":9842,"href":"https:\/\/blogs.correiobraziliense.com.br\/servidor\/wp-json\/wp\/v2\/posts\/9841\/revisions\/9842"}],"wp:attachment":[{"href":"https:\/\/blogs.correiobraziliense.com.br\/servidor\/wp-json\/wp\/v2\/media?parent=9841"}],"wp:term":[{"taxonomy":"category","embeddable":true,"href":"https:\/\/blogs.correiobraziliense.com.br\/servidor\/wp-json\/wp\/v2\/categories?post=9841"},{"taxonomy":"post_tag","embeddable":true,"href":"https:\/\/blogs.correiobraziliense.com.br\/servidor\/wp-json\/wp\/v2\/tags?post=9841"}],"curies":[{"name":"wp","href":"https:\/\/api.w.org\/{rel}","templated":true}]}}