{"id":9828,"date":"2018-07-30T16:56:33","date_gmt":"2018-07-30T19:56:33","guid":{"rendered":"https:\/\/blogs.correiobraziliense.com.br\/servidor\/?p=9828"},"modified":"2018-07-30T16:56:33","modified_gmt":"2018-07-30T19:56:33","slug":"novo-prazo-para-saque-do-abono-salarial-ano-base-2016-beneficia-quase-2-milhoes-de-trabalhadores","status":"publish","type":"post","link":"https:\/\/blogs.correiobraziliense.com.br\/servidor\/novo-prazo-para-saque-do-abono-salarial-ano-base-2016-beneficia-quase-2-milhoes-de-trabalhadores\/","title":{"rendered":"Novo prazo para saque do abono salarial ano-base 2016 beneficia a quase 2 milh\u00f5es de trabalhadores"},"content":{"rendered":"<p><i>Reabertura do per\u00edodo para pagamento do benef\u00edcio passou a valer em 26 de julho e vai at\u00e9 30 de dezembro. Valor dispon\u00edvel chega a R$ 1,44 bi. Vale lembrar que o ano-base 2017 tamb\u00e9m come\u00e7ar\u00e1 a ser pago no dia 26 de julho.<br \/>\n<\/i><\/p>\n<p>O Conselho Deliberativo do Fundo de Amparo ao Trabalhador (Codefat) autorizou a abertura de novo per\u00edodo para pagamento do abono salarial ano-base 2016. O prazo terminaria em 29 de junho. Com a prorroga\u00e7\u00e3o, que come\u00e7ou em 26 de julho, os trabalhadores poder\u00e3o retirar o dinheiro at\u00e9 30 de dezembro. Vale lembrar que o pagamento do benef\u00edcio referente ao ano-base 2017 tamb\u00e9m come\u00e7ar\u00e1 a ser pago no dia 26 de julho.<\/p>\n<p>Quase 2 milh\u00f5es de trabalhadores n\u00e3o sacaram o benef\u00edcio, o que corresponde a 7,97% do total de pessoas com direito ao recurso. O valor ainda dispon\u00edvel chega a R$ 1,44 bilh\u00e3o. Este \u00e9 o terceiro ano consecutivo em que ocorre prorroga\u00e7\u00e3o. No ano passado, essa mesma medida foi tomada. O estabelecimento de novo prazo atende um pedido dos representantes dos trabalhadores no Codefat.<u><\/u><u><\/u><\/p>\n<p>O valor que cada trabalhador tem para sacar depende de quanto tempo ele trabalhou formalmente em 2016. Quem trabalhou o ano todo recebe o valor cheio, que equivale a um sal\u00e1rio m\u00ednimo (R$ 954). Quem trabalhou por apenas 30 dias recebe o valor m\u00ednimo, que \u00e9 R$ 80.<\/p>\n<p><strong>Direito<\/strong>\u00a0&#8211; Tem direito ao abono salarial ano-base 2016 quem estava inscrito no PIS\/Pasep h\u00e1 pelo menos cinco anos; trabalhou formalmente por pelo menos 30 dias em 2016 com remunera\u00e7\u00e3o mensal m\u00e9dia de at\u00e9 dois sal\u00e1rios m\u00ednimos; e teve seus dados informados corretamente pelo empregador na Rela\u00e7\u00e3o Anual de Informa\u00e7\u00f5es Sociais (Rais).<\/p>\n<p>Os trabalhadores da iniciativa privada devem procurar a Caixa. A consulta pode ser feita pessoalmente, pela\u00a0<a href=\"https:\/\/servicossociais.caixa.gov.br\/internet.do?segmento=CIDADAO01\">internet<\/a>\u00a0ou no telefone 0800-726 02 07. Para os servidores p\u00fablicos, a refer\u00eancia \u00e9 o Banco do\u00a0 Brasil, que tamb\u00e9m fornece informa\u00e7\u00f5es pessoalmente, pela\u00a0<a href=\"http:\/\/www.bb.com.br\/pbb\/pagina-inicial\/setor-publico\/governo-federal\/gestao\/gestao-de-recursos\/pagamento-de-ordens-bancarias,-salarios-e-beneficios\/pasep\/aplicativo-bb-pasep#\/\">internet<\/a>\u00a0e pelo telefone 0800-729 00 01.<\/p>\n<p><img loading=\"lazy\" decoding=\"async\" class=\"size-full wp-image-9830 aligncenter\" src=\"https:\/\/blogs.correiobraziliense.com.br\/servidor\/wp-content\/uploads\/sites\/10\/2018\/07\/image0021.png\" alt=\"image002(1)\" width=\"567\" height=\"523\" srcset=\"https:\/\/blogs.correiobraziliense.com.br\/servidor\/wp-content\/uploads\/sites\/10\/2018\/07\/image0021.png 567w, https:\/\/blogs.correiobraziliense.com.br\/servidor\/wp-content\/uploads\/sites\/10\/2018\/07\/image0021-300x277.png 300w, https:\/\/blogs.correiobraziliense.com.br\/servidor\/wp-content\/uploads\/sites\/10\/2018\/07\/image0021-350x323.png 350w, https:\/\/blogs.correiobraziliense.com.br\/servidor\/wp-content\/uploads\/sites\/10\/2018\/07\/image0021-550x507.png 550w, https:\/\/blogs.correiobraziliense.com.br\/servidor\/wp-content\/uploads\/sites\/10\/2018\/07\/image0021-230x212.png 230w\" sizes=\"auto, (max-width: 567px) 100vw, 567px\" \/><\/p>\n","protected":false},"excerpt":{"rendered":"<p>Reabertura do per\u00edodo para pagamento do benef\u00edcio passou a valer em 26 de julho e vai at\u00e9 30 de dezembro. Valor dispon\u00edvel chega a R$ 1,44 bi. Vale lembrar que o ano-base 2017 tamb\u00e9m come\u00e7ar\u00e1 a ser pago no dia 26 de julho. O Conselho Deliberativo do Fundo de Amparo ao Trabalhador (Codefat) autorizou a abertura de novo per\u00edodo para [&hellip;]<\/p>\n","protected":false},"author":27,"featured_media":0,"comment_status":"open","ping_status":"closed","sticky":false,"template":"","format":"standard","meta":{"footnotes":""},"categories":[2719],"tags":[12946,386,2586,5154,151,2190,1174,818,12947,1666,19,774],"class_list":["post-9828","post","type-post","status-publish","format-standard","hentry","category-servidor","tag-abono-salairal","tag-beneficio","tag-codefat","tag-disponivel","tag-pagamento","tag-pispasep","tag-prazo","tag-prorrogacao","tag-reabertura","tag-saque","tag-trabalhadores","tag-valor"],"_links":{"self":[{"href":"https:\/\/blogs.correiobraziliense.com.br\/servidor\/wp-json\/wp\/v2\/posts\/9828","targetHints":{"allow":["GET"]}}],"collection":[{"href":"https:\/\/blogs.correiobraziliense.com.br\/servidor\/wp-json\/wp\/v2\/posts"}],"about":[{"href":"https:\/\/blogs.correiobraziliense.com.br\/servidor\/wp-json\/wp\/v2\/types\/post"}],"author":[{"embeddable":true,"href":"https:\/\/blogs.correiobraziliense.com.br\/servidor\/wp-json\/wp\/v2\/users\/27"}],"replies":[{"embeddable":true,"href":"https:\/\/blogs.correiobraziliense.com.br\/servidor\/wp-json\/wp\/v2\/comments?post=9828"}],"version-history":[{"count":1,"href":"https:\/\/blogs.correiobraziliense.com.br\/servidor\/wp-json\/wp\/v2\/posts\/9828\/revisions"}],"predecessor-version":[{"id":9831,"href":"https:\/\/blogs.correiobraziliense.com.br\/servidor\/wp-json\/wp\/v2\/posts\/9828\/revisions\/9831"}],"wp:attachment":[{"href":"https:\/\/blogs.correiobraziliense.com.br\/servidor\/wp-json\/wp\/v2\/media?parent=9828"}],"wp:term":[{"taxonomy":"category","embeddable":true,"href":"https:\/\/blogs.correiobraziliense.com.br\/servidor\/wp-json\/wp\/v2\/categories?post=9828"},{"taxonomy":"post_tag","embeddable":true,"href":"https:\/\/blogs.correiobraziliense.com.br\/servidor\/wp-json\/wp\/v2\/tags?post=9828"}],"curies":[{"name":"wp","href":"https:\/\/api.w.org\/{rel}","templated":true}]}}