{"id":9826,"date":"2018-07-30T14:07:58","date_gmt":"2018-07-30T17:07:58","guid":{"rendered":"https:\/\/blogs.correiobraziliense.com.br\/servidor\/?p=9826"},"modified":"2018-07-30T14:07:58","modified_gmt":"2018-07-30T17:07:58","slug":"pesquisa-unidas-indice-de-envelhecimento-das-autogestoes-e-de-191","status":"publish","type":"post","link":"https:\/\/blogs.correiobraziliense.com.br\/servidor\/pesquisa-unidas-indice-de-envelhecimento-das-autogestoes-e-de-191\/","title":{"rendered":"Pesquisa Unidas: \u00cdndice de envelhecimento das autogest\u00f5es \u00e9 de 191%"},"content":{"rendered":"<p><em>A Pesquisa Unidas 2018 aponta que o \u00edndice de envelhecimento (propor\u00e7\u00e3o idosos X jovens at\u00e9 14 anos) \u00e9 de 191,1%, resultado bem superior aos demais segmentos do mercado. As autogest\u00f5es concentram historicamente o maior n\u00famero de idosos e, como essa carteira n\u00e3o se renova, esse \u00edndice tem aumentado ano a ano<\/em><\/p>\n<p>Atualmente temos 25,9% dos benefici\u00e1rios com 60 anos de idade ou mais, enquanto o mercado de sa\u00fade com fins lucrativos apresenta cerca de 12%. Portanto, as autogest\u00f5es j\u00e1 trabalham com um perfil et\u00e1rio e epidemiol\u00f3gico com o qual o Brasil s\u00f3 dever\u00e1 conviver efetivamente em 2030.<\/p>\n<p>&#8220;Essa realidade fez com que as autogest\u00f5es come\u00e7assem a investir em promo\u00e7\u00e3o da sa\u00fade e preven\u00e7\u00e3o de riscos antes dos demais segmentos do setor. <span id=\"OBJ_PREFIX_DWT1522_com_zimbra_date\" class=\"Object\"><span id=\"OBJ_PREFIX_DWT1532_com_zimbra_date\" class=\"Object\">Hoje<\/span><\/span> pelo menos 60% das filiadas t\u00eam projetos preventivos para todos os grupos, incluindo idosos&#8221;, explica o vice-presidente da Unidas e respons\u00e1vel direto pela pesquisa, Jo\u00e3o Paulo dos Reis Neto.<\/p>\n<p>Temos <span id=\"OBJ_PREFIX_DWT1523_com_zimbra_date\" class=\"Object\"><span id=\"OBJ_PREFIX_DWT1533_com_zimbra_date\" class=\"Object\">hoje<\/span><\/span> 1.027.233 idosos (eram 850 mil no \u00faltimo levantamento de 2016), sendo 1.588 centen\u00e1rios. Embora o percentual tenha reduzido um pouco com rela\u00e7\u00e3o \u00e0 \u00faltima pesquisa (2016 \u2013 28,2%), o n\u00famero de centen\u00e1rios cresceu 10% (1.429, 83% mulheres).<\/p>\n<table border=\"0\" align=\"center\">\n<tbody>\n<tr>\n<td>&#8220;\u00c9 fant\u00e1stico que consigamos viver mais e melhor e as autogest\u00f5es, cientes de seu papel junto a esse p\u00fablico, desenvolvem diversas atividades e a\u00e7\u00f5es focadas no envelhecimento saud\u00e1vel. Contudo, \u00e9 ineg\u00e1vel que os custos s\u00e3o muito mais altos tamb\u00e9m, o que leva as operadoras a buscarem formas de equilibrar as contas e buscar um modelo sustent\u00e1vel, ainda mais levando em considera\u00e7\u00e3o que a autogest\u00e3o n\u00e3o tem fins lucrativos, nem comercializa planos&#8221;, observa o vice-presidente. Reis Neto lembra que al\u00e9m dos esfor\u00e7os das operadoras, \u00e9 necess\u00e1ria uma revis\u00e3o urgente do modelo assistencial e da Lei dos Planos de Sa\u00fade que n\u00e3o distingue os planos com e sem finalidade lucrativa.<\/td>\n<\/tr>\n<tr>\n<td>\n<h3><strong>Sobre a Pesquisa Unidas<\/strong><\/h3>\n<p>Desde 2000, a Unidas promove, anualmente, a realiza\u00e7\u00e3o de uma pesquisa entre entidades filiadas e n\u00e3o filiadas, com o objetivo de conhecer o perfil das institui\u00e7\u00f5es de autogest\u00e3o em sa\u00fade. Esta publica\u00e7\u00e3o consagrou-se como um importante referencial para identificar as tend\u00eancias do mercado e auxiliar a tomada de decis\u00f5es, sendo utilizada por todos os componentes do segmento privado da sa\u00fade, inclusive pela Ag\u00eancia Nacional de Sa\u00fade Suplementar (ANS). A pesquisa traz dados desde infla\u00e7\u00e3o m\u00e9dica at\u00e9 ranking das causas mais comuns em interna\u00e7\u00f5es. Este ano, ela contou com 44 filiadas participantes, contabilizando quase 4 milh\u00f5es de benefici\u00e1rios. Os dados foram coletados em 2016 e primeiro semestre de 2017.<\/p>\n<h3><strong>Sobre a Unidas<\/strong><\/h3>\n<p>A Uni\u00e3o Nacional das Institui\u00e7\u00f5es de Autogest\u00e3o em Sa\u00fade (Unidas) \u00e9 uma entidade associativa sem fins lucrativos, que tem por miss\u00e3o promover o fortalecimento do segmento da autogest\u00e3o em todo o territ\u00f3rio nacional, fomentando a excel\u00eancia em gest\u00e3o de sa\u00fade e a democratiza\u00e7\u00e3o do acesso a uma melhor qualidade de vida dos seus 5 milh\u00f5es de benefici\u00e1rios \u2013 que correspondem a 11% do total de vidas do setor de sa\u00fade suplementar -, contribuindo para o aperfei\u00e7oamento do sistema de sa\u00fade do Pa\u00eds. Atualmente, a entidade congrega cerca de 120 operadoras de autogest\u00e3o e \u00e9 entidade acreditadora reconhecida pela ANS, por meio do programa Uniplus.<\/td>\n<\/tr>\n<\/tbody>\n<\/table>\n","protected":false},"excerpt":{"rendered":"<p>A Pesquisa Unidas 2018 aponta que o \u00edndice de envelhecimento (propor\u00e7\u00e3o idosos X jovens at\u00e9 14 anos) \u00e9 de 191,1%, resultado bem superior aos demais segmentos do mercado. As autogest\u00f5es concentram historicamente o maior n\u00famero de idosos e, como essa carteira n\u00e3o se renova, esse \u00edndice tem aumentado ano a ano Atualmente temos 25,9% dos benefici\u00e1rios com 60 anos de [&hellip;]<\/p>\n","protected":false},"author":27,"featured_media":0,"comment_status":"open","ping_status":"closed","sticky":false,"template":"","format":"standard","meta":{"footnotes":""},"categories":[2719],"tags":[1849,980,5047,6626,12945,12944,2246,2054,443,1261,444,12943,489,1263,12942,12137,1121,7949],"class_list":["post-9826","post","type-post","status-publish","format-standard","hentry","category-servidor","tag-autogestoes","tag-beneficiarios","tag-carteira","tag-envelhecimento","tag-epidemiologocio","tag-etario","tag-homens","tag-idade","tag-idosos","tag-indice","tag-jovens","tag-lucartivos","tag-mercado","tag-mulheres","tag-pesquisa-unidas","tag-proporcao","tag-resultados","tag-segmentos"],"_links":{"self":[{"href":"https:\/\/blogs.correiobraziliense.com.br\/servidor\/wp-json\/wp\/v2\/posts\/9826","targetHints":{"allow":["GET"]}}],"collection":[{"href":"https:\/\/blogs.correiobraziliense.com.br\/servidor\/wp-json\/wp\/v2\/posts"}],"about":[{"href":"https:\/\/blogs.correiobraziliense.com.br\/servidor\/wp-json\/wp\/v2\/types\/post"}],"author":[{"embeddable":true,"href":"https:\/\/blogs.correiobraziliense.com.br\/servidor\/wp-json\/wp\/v2\/users\/27"}],"replies":[{"embeddable":true,"href":"https:\/\/blogs.correiobraziliense.com.br\/servidor\/wp-json\/wp\/v2\/comments?post=9826"}],"version-history":[{"count":1,"href":"https:\/\/blogs.correiobraziliense.com.br\/servidor\/wp-json\/wp\/v2\/posts\/9826\/revisions"}],"predecessor-version":[{"id":9827,"href":"https:\/\/blogs.correiobraziliense.com.br\/servidor\/wp-json\/wp\/v2\/posts\/9826\/revisions\/9827"}],"wp:attachment":[{"href":"https:\/\/blogs.correiobraziliense.com.br\/servidor\/wp-json\/wp\/v2\/media?parent=9826"}],"wp:term":[{"taxonomy":"category","embeddable":true,"href":"https:\/\/blogs.correiobraziliense.com.br\/servidor\/wp-json\/wp\/v2\/categories?post=9826"},{"taxonomy":"post_tag","embeddable":true,"href":"https:\/\/blogs.correiobraziliense.com.br\/servidor\/wp-json\/wp\/v2\/tags?post=9826"}],"curies":[{"name":"wp","href":"https:\/\/api.w.org\/{rel}","templated":true}]}}