{"id":9824,"date":"2018-07-30T13:50:39","date_gmt":"2018-07-30T16:50:39","guid":{"rendered":"https:\/\/blogs.correiobraziliense.com.br\/servidor\/?p=9824"},"modified":"2018-07-30T13:50:39","modified_gmt":"2018-07-30T16:50:39","slug":"movimentos-populares-greve-de-fome-pela-liberdade-de-lula","status":"publish","type":"post","link":"https:\/\/blogs.correiobraziliense.com.br\/servidor\/movimentos-populares-greve-de-fome-pela-liberdade-de-lula\/","title":{"rendered":"Movimentos populares &#8211; greve de fome pela liberdade de Lula"},"content":{"rendered":"<div><em>Nesta <span id=\"OBJ_PREFIX_DWT896_com_zimbra_date\" class=\"Object\"><span id=\"OBJ_PREFIX_DWT900_com_zimbra_date\" class=\"Object\">segunda<\/span><\/span>-feira (30 de julho7), \u00e0s 15h, integrantes de movimentos populares &#8211; \u00a0a exemplo do MST, MPA e MAB &#8211; fazem coletiva de imprensa para anunciar o in\u00edcio da greve de fome pela democracia e liberdade do ex-presidente Lula<\/em><\/div>\n<div>\nDe acordo com Jaime Amorim, da dire\u00e7\u00e3o do MST, trata-se de um ato extremo, diante de um cen\u00e1rio de carestia do povo brasileiro.<\/div>\n<div>\n\u201cO golpe promovido por setores do Parlamento, do Judici\u00e1rio e at\u00e9 mesmo da m\u00eddia trouxe de volta a mis\u00e9ria em nosso pa\u00eds. As reformas promovidas s\u00e3o oriundas de um projeto n\u00e3o eleito e ainda querem tirar o direito do povo brasileiro em escolher o seu pr\u00f3prio presidente. Lula \u00e9 um preso pol\u00edtico e qualquer impedimento de sua candidatura se configura como medida autorit\u00e1ria contra a soberania popular\u201d, disse Amorim.<\/div>\n<div>\nO protesto <span id=\"OBJ_PREFIX_DWT897_com_zimbra_date\" class=\"Object\"><span id=\"OBJ_PREFIX_DWT901_com_zimbra_date\" class=\"Object\">ter<\/span><\/span>\u00e1 in\u00edcio nesta <span id=\"OBJ_PREFIX_DWT898_com_zimbra_date\" class=\"Object\"><span id=\"OBJ_PREFIX_DWT902_com_zimbra_date\" class=\"Object\">ter<\/span><\/span>\u00e7a em local a ser confirmado. A greve de fome \u00e9 por tempo indeterminado.<\/div>\n<div>\n<strong>*COLETIVA DE IMPRENSA*<\/strong><br \/>\nData: 30 julho de 2018<br \/>\nHor\u00e1rio: 15h<br \/>\nLocal: Centro Cultural de Bras\u00edlia &#8211; CCB &#8211; SGAN 601 &#8211; M\u00f3dulo &#8220;B&#8221; Asa Norte<\/div>\n","protected":false},"excerpt":{"rendered":"<p>Nesta segunda-feira (30 de julho7), \u00e0s 15h, integrantes de movimentos populares &#8211; \u00a0a exemplo do MST, MPA e MAB &#8211; fazem coletiva de imprensa para anunciar o in\u00edcio da greve de fome pela democracia e liberdade do ex-presidente Lula De acordo com Jaime Amorim, da dire\u00e7\u00e3o do MST, trata-se de um ato extremo, diante de um cen\u00e1rio de carestia do [&hellip;]<\/p>\n","protected":false},"author":27,"featured_media":0,"comment_status":"open","ping_status":"closed","sticky":false,"template":"","format":"standard","meta":{"footnotes":""},"categories":[2719],"tags":[4274,15,64,1757,1361,6910,1042,198,4120,630,1893],"class_list":["post-9824","post","type-post","status-publish","format-standard","hentry","category-servidor","tag-fome","tag-greve","tag-judiciario","tag-liberdade","tag-lula","tag-midia","tag-movimentos","tag-pais","tag-parlamento","tag-populares","tag-reformas"],"_links":{"self":[{"href":"https:\/\/blogs.correiobraziliense.com.br\/servidor\/wp-json\/wp\/v2\/posts\/9824","targetHints":{"allow":["GET"]}}],"collection":[{"href":"https:\/\/blogs.correiobraziliense.com.br\/servidor\/wp-json\/wp\/v2\/posts"}],"about":[{"href":"https:\/\/blogs.correiobraziliense.com.br\/servidor\/wp-json\/wp\/v2\/types\/post"}],"author":[{"embeddable":true,"href":"https:\/\/blogs.correiobraziliense.com.br\/servidor\/wp-json\/wp\/v2\/users\/27"}],"replies":[{"embeddable":true,"href":"https:\/\/blogs.correiobraziliense.com.br\/servidor\/wp-json\/wp\/v2\/comments?post=9824"}],"version-history":[{"count":1,"href":"https:\/\/blogs.correiobraziliense.com.br\/servidor\/wp-json\/wp\/v2\/posts\/9824\/revisions"}],"predecessor-version":[{"id":9825,"href":"https:\/\/blogs.correiobraziliense.com.br\/servidor\/wp-json\/wp\/v2\/posts\/9824\/revisions\/9825"}],"wp:attachment":[{"href":"https:\/\/blogs.correiobraziliense.com.br\/servidor\/wp-json\/wp\/v2\/media?parent=9824"}],"wp:term":[{"taxonomy":"category","embeddable":true,"href":"https:\/\/blogs.correiobraziliense.com.br\/servidor\/wp-json\/wp\/v2\/categories?post=9824"},{"taxonomy":"post_tag","embeddable":true,"href":"https:\/\/blogs.correiobraziliense.com.br\/servidor\/wp-json\/wp\/v2\/tags?post=9824"}],"curies":[{"name":"wp","href":"https:\/\/api.w.org\/{rel}","templated":true}]}}