{"id":9809,"date":"2018-07-27T14:28:53","date_gmt":"2018-07-27T17:28:53","guid":{"rendered":"https:\/\/blogs.correiobraziliense.com.br\/servidor\/?p=9809"},"modified":"2018-07-27T14:29:17","modified_gmt":"2018-07-27T17:29:17","slug":"receita-federal-deixou-de-emitir-o-cartao-cpf-em-2011","status":"publish","type":"post","link":"https:\/\/blogs.correiobraziliense.com.br\/servidor\/receita-federal-deixou-de-emitir-o-cartao-cpf-em-2011\/","title":{"rendered":"Receita Federal deixou de emitir o cart\u00e3o CPF em 2011"},"content":{"rendered":"<p><em>Em\u00a0 fun\u00e7\u00e3o\u00a0 de\u00a0 manifesta\u00e7\u00f5es\u00a0 de usu\u00e1rios dos servi\u00e7os da Receita Federal, relatando\u00a0 que\u00a0 n\u00e3o\u00a0 conseguem emitir o cart\u00e3o de Cadastro de Pessoa F\u00edsica (CPF),\u00a0 o\u00a0 \u00f3rg\u00e3o\u00a0 esclarece\u00a0 que\u00a0 o\u00a0 comprovante\u00a0 de\u00a0 inscri\u00e7\u00e3o\u00a0 no CPF \u00e9 o documento\u00a0 \u00a0gerado\u00a0 \u00a0no\u00a0 \u00a0ato\u00a0 do\u00a0 atendimento pelas\u00a0 entidades conveniadas (Banco do Brasil, Correios e Caixa)<\/em><\/p>\n<p>A Receita Federal deixou de emitir o cart\u00e3o CPF em 2011.\u00a0 O cart\u00e3o CPF em formato pl\u00e1stico n\u00e3o existe desde junho de 2011, mas o cidad\u00e3o pode imprimir o comprovante de sua inscri\u00e7\u00e3o no CPF pela internet.<\/p>\n<p>O\u00a0 cidad\u00e3o\u00a0 pode\u00a0 imprimir,\u00a0 pela\u00a0 internet, a 2\u00aa via de seu comprovante de inscri\u00e7\u00e3o no CPF quantas vezes forem necess\u00e1rias.<\/p>\n<p>&#8220;\u00d3rg\u00e3os p\u00fablicos e empresas n\u00e3o devem solicitar ao cidad\u00e3o a apresenta\u00e7\u00e3o do cart\u00e3o\u00a0 CPF\u00a0 em formato pl\u00e1stico para efeito de comprovar essa inscri\u00e7\u00e3o. A comprova\u00e7\u00e3o\u00a0 de\u00a0 inscri\u00e7\u00e3o\u00a0 no\u00a0 CPF\u00a0 pode\u00a0 ser feita por meio dos seguintes documentos&#8221;, informa a Receita:<\/p>\n<p>&#8211;\u00a0 \u00a0 \u00a0 \u00a0Carteira de Identidade, Carteira Nacional de Habilita\u00e7\u00e3o, Carteira de Trabalho e Previd\u00eancia Social (CTPS), carteira de identidade profissional, carteiras funcionais emitidas por \u00f3rg\u00e3os p\u00fablicos, cart\u00e3o magn\u00e9tico de movimenta\u00e7\u00e3o de conta-corrente banc\u00e1ria, talon\u00e1rio de cheque banc\u00e1rio e outros documentos de acesso a servi\u00e7os de sa\u00fade p\u00fablica de assist\u00eancia social ou a servi\u00e7os previdenci\u00e1rios, desde que conste neles o n\u00famero de inscri\u00e7\u00e3o no CPF;<\/p>\n<p>&#8211;\u00a0 \u00a0 \u00a0 \u00a0comprovante de Inscri\u00e7\u00e3o no CPF emitido pelas entidades conveniadas \u00e0 Receita Federal ou<\/p>\n<p>&#8211;\u00a0 \u00a0 \u00a0 \u00a0comprovante de Inscri\u00e7\u00e3o no CPF impresso a partir da p\u00e1gina da Receita Federal na internet.<\/p>\n","protected":false},"excerpt":{"rendered":"<p>Em\u00a0 fun\u00e7\u00e3o\u00a0 de\u00a0 manifesta\u00e7\u00f5es\u00a0 de usu\u00e1rios dos servi\u00e7os da Receita Federal, relatando\u00a0 que\u00a0 n\u00e3o\u00a0 conseguem emitir o cart\u00e3o de Cadastro de Pessoa F\u00edsica (CPF),\u00a0 o\u00a0 \u00f3rg\u00e3o\u00a0 esclarece\u00a0 que\u00a0 o\u00a0 comprovante\u00a0 de\u00a0 inscri\u00e7\u00e3o\u00a0 no CPF \u00e9 o documento\u00a0 \u00a0gerado\u00a0 \u00a0no\u00a0 \u00a0ato\u00a0 do\u00a0 atendimento pelas\u00a0 entidades conveniadas (Banco do Brasil, Correios e Caixa) A Receita Federal deixou de emitir o cart\u00e3o CPF [&hellip;]<\/p>\n","protected":false},"author":27,"featured_media":0,"comment_status":"open","ping_status":"closed","sticky":false,"template":"","format":"standard","meta":{"footnotes":""},"categories":[2719],"tags":[1773,1149,3026,1316,2195,20,144,804,1291,2882,12935,294,1379,864],"class_list":["post-9809","post","type-post","status-publish","format-standard","hentry","category-servidor","tag-banco-do-brasil","tag-caixa","tag-cartao","tag-cidadao","tag-comprovante","tag-correios","tag-cpf","tag-documento","tag-inscricao","tag-internet","tag-platico","tag-receita-federal","tag-servicos","tag-usuarios"],"_links":{"self":[{"href":"https:\/\/blogs.correiobraziliense.com.br\/servidor\/wp-json\/wp\/v2\/posts\/9809","targetHints":{"allow":["GET"]}}],"collection":[{"href":"https:\/\/blogs.correiobraziliense.com.br\/servidor\/wp-json\/wp\/v2\/posts"}],"about":[{"href":"https:\/\/blogs.correiobraziliense.com.br\/servidor\/wp-json\/wp\/v2\/types\/post"}],"author":[{"embeddable":true,"href":"https:\/\/blogs.correiobraziliense.com.br\/servidor\/wp-json\/wp\/v2\/users\/27"}],"replies":[{"embeddable":true,"href":"https:\/\/blogs.correiobraziliense.com.br\/servidor\/wp-json\/wp\/v2\/comments?post=9809"}],"version-history":[{"count":2,"href":"https:\/\/blogs.correiobraziliense.com.br\/servidor\/wp-json\/wp\/v2\/posts\/9809\/revisions"}],"predecessor-version":[{"id":9811,"href":"https:\/\/blogs.correiobraziliense.com.br\/servidor\/wp-json\/wp\/v2\/posts\/9809\/revisions\/9811"}],"wp:attachment":[{"href":"https:\/\/blogs.correiobraziliense.com.br\/servidor\/wp-json\/wp\/v2\/media?parent=9809"}],"wp:term":[{"taxonomy":"category","embeddable":true,"href":"https:\/\/blogs.correiobraziliense.com.br\/servidor\/wp-json\/wp\/v2\/categories?post=9809"},{"taxonomy":"post_tag","embeddable":true,"href":"https:\/\/blogs.correiobraziliense.com.br\/servidor\/wp-json\/wp\/v2\/tags?post=9809"}],"curies":[{"name":"wp","href":"https:\/\/api.w.org\/{rel}","templated":true}]}}