{"id":9807,"date":"2018-07-27T12:28:26","date_gmt":"2018-07-27T15:28:26","guid":{"rendered":"https:\/\/blogs.correiobraziliense.com.br\/servidor\/?p=9807"},"modified":"2018-07-27T12:28:26","modified_gmt":"2018-07-27T15:28:26","slug":"forca-sindical-repudia-transferencia-de-recursos-da-qualificacao-profissional-para-financiamento-de-organizacoes-patronais","status":"publish","type":"post","link":"https:\/\/blogs.correiobraziliense.com.br\/servidor\/forca-sindical-repudia-transferencia-de-recursos-da-qualificacao-profissional-para-financiamento-de-organizacoes-patronais\/","title":{"rendered":"For\u00e7a Sindical repudia transfer\u00eancia de recursos da qualifica\u00e7\u00e3o profissional para financiamento de organiza\u00e7\u00f5es patronais"},"content":{"rendered":"<p><em>Ap\u00f3s o presidente Michel Temer compensar o setor agr\u00edcola pelo fim do imposto sindical, a For\u00e7a protestou contra a medida. &#8220;\u00c9 um gritante absurdo, em face do verdadeiro apag\u00e3o da qualifica\u00e7\u00e3o profissional e da assist\u00eancia social aos trabalhadores que enfrenta o Brasil, retirar recursos destes setores, objetivos centrais do Sistema S, para financiar o sindicalismo patronal, situa\u00e7\u00e3o agravada sua cobran\u00e7a de mensalidades nos cursos oferecidos pelo sistema&#8221;, diz a For\u00e7a<\/em><\/p>\n<p>Veja a nota:<\/p>\n<p>&#8220;A For\u00e7a Sindical vem manifestar seu rep\u00fadio \u00e0 iniciativa do governo federal que repassou, por decreto, recursos do Sistema Nacional de Aprendizagem Rural (Senar) para financiar a Confedera\u00e7\u00e3o Nacional da Agricultura e Pecu\u00e1ria do Brasil e suas federa\u00e7\u00f5es filiadas. Tal iniciativa \u00e9 uma clara demonstra\u00e7\u00e3o de que o governo federal \u00e9 agente ativo no desbalanceamento das rela\u00e7\u00f5es de trabalho no Brasil a favor dos interesses empresariais, pois a edi\u00e7\u00e3o do decreto garantindo a remessa de milh\u00f5es de reais para o sindicalismo patronal vem no exato momento em que o custeio das entidades sindicais dos trabalhadores \u00e9 inviabilizado pela reforma trabalhista e por decis\u00f5es judiciais do Supremo Tribunal Federal (STF).<\/p>\n<p>Ademais, \u00e9 um gritante absurdo, em face do verdadeiro apag\u00e3o da qualifica\u00e7\u00e3o profissional e da assist\u00eancia social aos trabalhadores que enfrenta o Brasil, retirar recursos destes setores, objetivos centrais do Sistema S, para financiar o sindicalismo patronal, situa\u00e7\u00e3o agravada sua cobran\u00e7a de mensalidades nos cursos oferecidos pelo sistema.<\/p>\n<p>A For\u00e7a Sindical defende que o custeio das entidades de trabalhadores e empregadores deve vir da contribui\u00e7\u00e3o de todos os seus representados, aprovadas nas assembleias das categorias de forma clara e transparente, e n\u00e3o da utiliza\u00e7\u00e3o indevida de recursos, como no caso do financiamento do Sistema S. Vale destacar que, h\u00e1 tempos, recursos do Senai e do Sesi financiam a Confedera\u00e7\u00e3o Nacional da Ind\u00fastria e suas federa\u00e7\u00f5es (Fiesp, dentre elas), assim como recursos do Senac e do Sesc financiam a Confedera\u00e7\u00e3o Nacional do Com\u00e9rcio.<\/p>\n<p>Exigimos que o presidente Temer revogue imediatamente o referido decreto autorizando transfer\u00eancia de recursos do Senar para a CNA, assim como defendemos altera\u00e7\u00f5es na legisla\u00e7\u00e3o que possibilita a transfer\u00eancia milion\u00e1ria de recursos do Senai, do Sesi, do Senac e do Sesc para as respectivas confedera\u00e7\u00f5es patronais, como forma de garantir a o tratamento ison\u00f4mico e equilibrado ao capital e ao trabalho, quest\u00e3o fundamental para a exist\u00eancia de rela\u00e7\u00f5es de trabalho democr\u00e1ticas e justas.<\/p>\n<p>Vamos continuar lutando para que as entidades sindicais dos trabalhadores tenham recursos necess\u00e1rios para defender os direitos da classe trabalhadora.<\/p>\n<p>Miguel Torres<br \/>\nPresidente interino da For\u00e7a Sindical<\/p>\n<p>Jo\u00e3o Carlos Gon\u00e7alves (Juruna)<br \/>\nSecret\u00e1rio-geral da For\u00e7a Sindical&#8221;<\/p>\n","protected":false},"excerpt":{"rendered":"<p>Ap\u00f3s o presidente Michel Temer compensar o setor agr\u00edcola pelo fim do imposto sindical, a For\u00e7a protestou contra a medida. &#8220;\u00c9 um gritante absurdo, em face do verdadeiro apag\u00e3o da qualifica\u00e7\u00e3o profissional e da assist\u00eancia social aos trabalhadores que enfrenta o Brasil, retirar recursos destes setores, objetivos centrais do Sistema S, para financiar o sindicalismo patronal, situa\u00e7\u00e3o agravada sua cobran\u00e7a [&hellip;]<\/p>\n","protected":false},"author":27,"featured_media":0,"comment_status":"open","ping_status":"closed","sticky":false,"template":"","format":"standard","meta":{"footnotes":""},"categories":[2719],"tags":[5680,1463,5620,4901,870,5085,1495,4165,7826,478,3793,316,34,19,591],"class_list":["post-9807","post","type-post","status-publish","format-standard","hentry","category-servidor","tag-agricola","tag-capital","tag-cna","tag-comercio","tag-forca-sindical","tag-imposto-sindical","tag-industria","tag-organizacoes","tag-patronal","tag-profissional","tag-qualificacao","tag-recursos","tag-stf","tag-trabalhadores","tag-transferencia"],"_links":{"self":[{"href":"https:\/\/blogs.correiobraziliense.com.br\/servidor\/wp-json\/wp\/v2\/posts\/9807","targetHints":{"allow":["GET"]}}],"collection":[{"href":"https:\/\/blogs.correiobraziliense.com.br\/servidor\/wp-json\/wp\/v2\/posts"}],"about":[{"href":"https:\/\/blogs.correiobraziliense.com.br\/servidor\/wp-json\/wp\/v2\/types\/post"}],"author":[{"embeddable":true,"href":"https:\/\/blogs.correiobraziliense.com.br\/servidor\/wp-json\/wp\/v2\/users\/27"}],"replies":[{"embeddable":true,"href":"https:\/\/blogs.correiobraziliense.com.br\/servidor\/wp-json\/wp\/v2\/comments?post=9807"}],"version-history":[{"count":1,"href":"https:\/\/blogs.correiobraziliense.com.br\/servidor\/wp-json\/wp\/v2\/posts\/9807\/revisions"}],"predecessor-version":[{"id":9808,"href":"https:\/\/blogs.correiobraziliense.com.br\/servidor\/wp-json\/wp\/v2\/posts\/9807\/revisions\/9808"}],"wp:attachment":[{"href":"https:\/\/blogs.correiobraziliense.com.br\/servidor\/wp-json\/wp\/v2\/media?parent=9807"}],"wp:term":[{"taxonomy":"category","embeddable":true,"href":"https:\/\/blogs.correiobraziliense.com.br\/servidor\/wp-json\/wp\/v2\/categories?post=9807"},{"taxonomy":"post_tag","embeddable":true,"href":"https:\/\/blogs.correiobraziliense.com.br\/servidor\/wp-json\/wp\/v2\/tags?post=9807"}],"curies":[{"name":"wp","href":"https:\/\/api.w.org\/{rel}","templated":true}]}}