{"id":980,"date":"2016-02-15T12:22:50","date_gmt":"2016-02-15T14:22:50","guid":{"rendered":"https:\/\/blogs.correiobraziliense.com.br\/servidor\/?p=980"},"modified":"2016-02-15T12:33:27","modified_gmt":"2016-02-15T14:33:27","slug":"fenaprf-organiza-cafe-parlamentar-no-retorno-dos-trabalhos-do-legislativo","status":"publish","type":"post","link":"https:\/\/blogs.correiobraziliense.com.br\/servidor\/fenaprf-organiza-cafe-parlamentar-no-retorno-dos-trabalhos-do-legislativo\/","title":{"rendered":"FENAPRF ORGANIZA CAF\u00c9 PARLAMENTAR NO RETORNO DOS TRABALHOS DO LEGISLATIVO"},"content":{"rendered":"<p><em>A reuni\u00e3o ser\u00e1 na quarta-feira, a partir das 8h, no restaurante do anexo IV da C\u00e2mara dos Deputados. Dirigentes sindicais de todo o Brasil v\u00e3o participar do evento. A Federa\u00e7\u00e3o Nacional dos Policiais Rodovi\u00e1rios Federais (FenaPRF) comemora seus 24 anos no dia de hoje<br \/>\n<\/em><\/p>\n<p>&nbsp;<\/p>\n<p>A Federa\u00e7\u00e3o Nacional dos Policiais Rodovi\u00e1rios Federais (FenaPRF), com o apoio dos sindicatos filiados, realiza em 17 de fevereiro nova edi\u00e7\u00e3o do caf\u00e9 parlamentar, com deputados e senadores, em Bras\u00edlia. Com o retorno dos trabalhos no Legislativo, o evento espera reunir ainda mais pol\u00edticos em defesa dos PRFs.<\/p>\n<p>Desta vez, o caf\u00e9 parlamentar ser\u00e1 alusivo ao anivers\u00e1rio da FenaPRF, que comemora 24 anos no dia 15 de fevereiro.<\/p>\n<p>&#8220;O objetivo principal \u00e9 mostrar aos parlamentares a import\u00e2ncia e a for\u00e7a do sistema sindical dos policiais rodovi\u00e1rios federais. Ao longo de 24 anos, foram in\u00fameras vit\u00f3rias e conquistas, sempre com uni\u00e3o dos PRFs e tamb\u00e9m contando com o apoio de parlamentares no Congresso Nacional&#8221;, informa a FenaPRF.<\/p>\n<p>Como vit\u00f3rias mais recentes, a entidade conta a aprova\u00e7\u00e3o da Lei que cria a indeniza\u00e7\u00e3o de fronteira (Lei 12.855\/2013) e a Lei que estabelece a aposentadoria especial para a mulher policial (Lei Complementar 144\/2014). Projetos que passaram pelo Congresso Nacional, mas s\u00f3 tiveram sucesso em raz\u00e3o da uni\u00e3o entre os policiais rodovi\u00e1rios federais, o sistema sindical e a rede parlamentares que d\u00e1 apoio \u00e0s demandas da categoria, assinala a nota.<\/p>\n<p>Dirigentes sindicais de cada Estado v\u00e3o percorrer os corredores do Congresso, durante toda a semana do caf\u00e9 parlamentar, para mostrar o trabalho que vem sendo desenvolvido pelo sistema sindical dos PRFs h\u00e1 mais de duas d\u00e9cadas. A inten\u00e7\u00e3o \u00e9 passar em todos os gabinetes (513 deputados e 81 senadores).<\/p>\n<p>Tamb\u00e9m neste per\u00edodo, ser\u00e1 realizada uma Assembleia Geral Extraordin\u00e1ria (AGE) para debater sobre a campanha salarial e novos passos da negocia\u00e7\u00e3o com o governo federal, que se arrasta desde o ano passado. As medidas jur\u00eddicas em rela\u00e7\u00e3o \u00e0 recente liminar do Superior Tribunal de Justi\u00e7a (STJ) contra o Sistema Sindical dos PRFs tamb\u00e9m ser\u00e3o discutidas pelo Conselho de Representantes da FenaPRF.<\/p>\n<hr \/>\n","protected":false},"excerpt":{"rendered":"<p>A reuni\u00e3o ser\u00e1 na quarta-feira, a partir das 8h, no restaurante do anexo IV da C\u00e2mara dos Deputados. Dirigentes sindicais de todo o Brasil v\u00e3o participar do evento. A Federa\u00e7\u00e3o Nacional dos Policiais Rodovi\u00e1rios Federais (FenaPRF) comemora seus 24 anos no dia de hoje &nbsp; A Federa\u00e7\u00e3o Nacional dos Policiais Rodovi\u00e1rios Federais (FenaPRF), com o apoio dos sindicatos filiados, realiza [&hellip;]<\/p>\n","protected":false},"author":27,"featured_media":0,"comment_status":"open","ping_status":"closed","sticky":false,"template":"","format":"standard","meta":{"footnotes":""},"categories":[1],"tags":[828,827,10,480,829,16,692],"class_list":["post-980","post","type-post","status-publish","format-standard","hentry","category-sem-categoria","tag-cafe","tag-fenapfr","tag-legislativo","tag-organiza","tag-parlamentar","tag-retorno","tag-trabalhos"],"_links":{"self":[{"href":"https:\/\/blogs.correiobraziliense.com.br\/servidor\/wp-json\/wp\/v2\/posts\/980","targetHints":{"allow":["GET"]}}],"collection":[{"href":"https:\/\/blogs.correiobraziliense.com.br\/servidor\/wp-json\/wp\/v2\/posts"}],"about":[{"href":"https:\/\/blogs.correiobraziliense.com.br\/servidor\/wp-json\/wp\/v2\/types\/post"}],"author":[{"embeddable":true,"href":"https:\/\/blogs.correiobraziliense.com.br\/servidor\/wp-json\/wp\/v2\/users\/27"}],"replies":[{"embeddable":true,"href":"https:\/\/blogs.correiobraziliense.com.br\/servidor\/wp-json\/wp\/v2\/comments?post=980"}],"version-history":[{"count":3,"href":"https:\/\/blogs.correiobraziliense.com.br\/servidor\/wp-json\/wp\/v2\/posts\/980\/revisions"}],"predecessor-version":[{"id":983,"href":"https:\/\/blogs.correiobraziliense.com.br\/servidor\/wp-json\/wp\/v2\/posts\/980\/revisions\/983"}],"wp:attachment":[{"href":"https:\/\/blogs.correiobraziliense.com.br\/servidor\/wp-json\/wp\/v2\/media?parent=980"}],"wp:term":[{"taxonomy":"category","embeddable":true,"href":"https:\/\/blogs.correiobraziliense.com.br\/servidor\/wp-json\/wp\/v2\/categories?post=980"},{"taxonomy":"post_tag","embeddable":true,"href":"https:\/\/blogs.correiobraziliense.com.br\/servidor\/wp-json\/wp\/v2\/tags?post=980"}],"curies":[{"name":"wp","href":"https:\/\/api.w.org\/{rel}","templated":true}]}}