{"id":9796,"date":"2018-07-26T15:45:54","date_gmt":"2018-07-26T18:45:54","guid":{"rendered":"https:\/\/blogs.correiobraziliense.com.br\/servidor\/?p=9796"},"modified":"2018-07-26T16:05:19","modified_gmt":"2018-07-26T19:05:19","slug":"funpresp-o-advogado-rudi-cassel-explica-se-vale-ou-nao-a-pena-migrar","status":"publish","type":"post","link":"https:\/\/blogs.correiobraziliense.com.br\/servidor\/funpresp-o-advogado-rudi-cassel-explica-se-vale-ou-nao-a-pena-migrar\/","title":{"rendered":"Funpresp &#8211; O advogado Rudi Cassel explica se vale ou n\u00e3o a pena migrar"},"content":{"rendered":"<p><em><img loading=\"lazy\" decoding=\"async\" class=\"size-full wp-image-9800 alignright\" src=\"https:\/\/blogs.correiobraziliense.com.br\/servidor\/wp-content\/uploads\/sites\/10\/2018\/07\/rudi-cassel.jpg\" alt=\"rudi cassel\" width=\"208\" height=\"243\" \/>O especialista Rudi Cassel, do escrit\u00f3rio Cassel Ruzzarin Santos Rodrigues Advogados, aponta qual \u00e9 a melhor op\u00e7\u00e3o do funcionalismo, a partir da 17h30, ao vivo, <a href=\"http:\/\/www.facebook.com\/correiobraziliense\" target=\"_blank\">pela p\u00e1gina do Facebook do Correio Braziliense<\/a>. O prazo para os servidores que entraram no servi\u00e7o p\u00fablico antes de 2013 abrir m\u00e3o do Regime Pr\u00f3prio (RPPS) e migrar para o Fundo de Previd\u00eancia Complementar (Funpresp) termina amanh\u00e3<\/em><\/p>\n<p>O papo vai ser em torno da press\u00e3o do governo nesse \u00faltimo dia para a migra\u00e7\u00e3o. A Rudi Cassel, cujo escrit\u00f3rio \u00e9 especialista na defesa do servidor, vamos perguntar porque a migra\u00e7\u00e3o tem encontrado tanta resist\u00eancia. Se o fundo passou, por lei a ser obrigat\u00f3rio desde 2013, com novas regras, por que os servidores ainda querem prorroga\u00e7\u00e3o do prazo? N\u00e3o deu tempo de estudar o assunto at\u00e9 hoje? Quais s\u00e3o as principais alega\u00e7\u00f5es, depois de dois adiamentos? O que justifica a terceira posterga\u00e7\u00e3o?<\/p>\n<p>Rudi Cassel tamb\u00e9m falar\u00e1 sobre em que medida o servidor pode ser prejudicado &#8211; ou n\u00e3o &#8211; pelo erro na simula\u00e7\u00e3o feita pelo site do Minist\u00e9rio do Planejamento, que, devido a \u00e0 exclus\u00e3o da parcela do 13\u00ba e a \u00edndices equivocados da corre\u00e7\u00e3o inflacion\u00e1ria, majorou em mais de 10% o c\u00e1lculo das futuras aposentadorias e pens\u00f5es. E vai explicar se a formata\u00e7\u00e3o legal do Fundo \u00e9 ou n\u00e3o inconstitucional, entendimento defendido pela Associa\u00e7\u00e3o dos Magistrados do Brasil (AMB), derrotado pelo Supremo Tribunal Federal (STF), entre outros assuntos.<\/p>\n","protected":false},"excerpt":{"rendered":"<p>O especialista Rudi Cassel, do escrit\u00f3rio Cassel Ruzzarin Santos Rodrigues Advogados, aponta qual \u00e9 a melhor op\u00e7\u00e3o do funcionalismo, a partir da 17h30, ao vivo, pela p\u00e1gina do Facebook do Correio Braziliense. O prazo para os servidores que entraram no servi\u00e7o p\u00fablico antes de 2013 abrir m\u00e3o do Regime Pr\u00f3prio (RPPS) e migrar para o Fundo de Previd\u00eancia Complementar (Funpresp) [&hellip;]<\/p>\n","protected":false},"author":27,"featured_media":0,"comment_status":"open","ping_status":"closed","sticky":false,"template":"","format":"standard","meta":{"footnotes":""},"categories":[2719],"tags":[2055,847,2888,1164,820,1780,141,849,1174,818,1043,58,34],"class_list":["post-9796","post","type-post","status-publish","format-standard","hentry","category-servidor","tag-aposentadorias","tag-debate","tag-facebook","tag-funcionalismo","tag-funpresp","tag-migracao","tag-ministerio-do-planejamento","tag-pensoes","tag-prazo","tag-prorrogacao","tag-resistencia","tag-servidores","tag-stf"],"_links":{"self":[{"href":"https:\/\/blogs.correiobraziliense.com.br\/servidor\/wp-json\/wp\/v2\/posts\/9796","targetHints":{"allow":["GET"]}}],"collection":[{"href":"https:\/\/blogs.correiobraziliense.com.br\/servidor\/wp-json\/wp\/v2\/posts"}],"about":[{"href":"https:\/\/blogs.correiobraziliense.com.br\/servidor\/wp-json\/wp\/v2\/types\/post"}],"author":[{"embeddable":true,"href":"https:\/\/blogs.correiobraziliense.com.br\/servidor\/wp-json\/wp\/v2\/users\/27"}],"replies":[{"embeddable":true,"href":"https:\/\/blogs.correiobraziliense.com.br\/servidor\/wp-json\/wp\/v2\/comments?post=9796"}],"version-history":[{"count":4,"href":"https:\/\/blogs.correiobraziliense.com.br\/servidor\/wp-json\/wp\/v2\/posts\/9796\/revisions"}],"predecessor-version":[{"id":9801,"href":"https:\/\/blogs.correiobraziliense.com.br\/servidor\/wp-json\/wp\/v2\/posts\/9796\/revisions\/9801"}],"wp:attachment":[{"href":"https:\/\/blogs.correiobraziliense.com.br\/servidor\/wp-json\/wp\/v2\/media?parent=9796"}],"wp:term":[{"taxonomy":"category","embeddable":true,"href":"https:\/\/blogs.correiobraziliense.com.br\/servidor\/wp-json\/wp\/v2\/categories?post=9796"},{"taxonomy":"post_tag","embeddable":true,"href":"https:\/\/blogs.correiobraziliense.com.br\/servidor\/wp-json\/wp\/v2\/tags?post=9796"}],"curies":[{"name":"wp","href":"https:\/\/api.w.org\/{rel}","templated":true}]}}