{"id":9789,"date":"2018-07-25T19:42:17","date_gmt":"2018-07-25T22:42:17","guid":{"rendered":"https:\/\/blogs.correiobraziliense.com.br\/servidor\/?p=9789"},"modified":"2018-07-25T19:42:17","modified_gmt":"2018-07-25T22:42:17","slug":"tcu-entrega-lista-de-contas-julgadas-irregulares-nesta-quinta-feira-26-ao-presidente-do-tse","status":"publish","type":"post","link":"https:\/\/blogs.correiobraziliense.com.br\/servidor\/tcu-entrega-lista-de-contas-julgadas-irregulares-nesta-quinta-feira-26-ao-presidente-do-tse\/","title":{"rendered":"TCU entrega lista de contas julgadas irregulares nesta quinta-feira (26) ao presidente do TSE"},"content":{"rendered":"<p>Lista de respons\u00e1veis com contas julgadas irregulares para fins eleitorais ser\u00e1 entregue amanh\u00e3 (26\/7), \u00e0s 17h, pelo presidente o Tribunal de Contas da Uni\u00e3o (TCU), ministro Raimundo Carreiro, ao presidente do Tribunal Superior Eleitoral (TSE), ministro Luiz Fux.<\/p>\n<p>O TCU julga a exatid\u00e3o dos demonstrativos cont\u00e1beis dos administradores p\u00fablicos, inclusive estaduais e municipais, quando esses agentes s\u00e3o respons\u00e1veis pela aplica\u00e7\u00e3o de recursos federais. Quando h\u00e1 irregularidade, os gestores podem sofrer san\u00e7\u00f5es, entre elas, a declara\u00e7\u00e3o de inelegibilidade pela Justi\u00e7a Eleitoral.<\/p>\n","protected":false},"excerpt":{"rendered":"<p>Lista de respons\u00e1veis com contas julgadas irregulares para fins eleitorais ser\u00e1 entregue amanh\u00e3 (26\/7), \u00e0s 17h, pelo presidente o Tribunal de Contas da Uni\u00e3o (TCU), ministro Raimundo Carreiro, ao presidente do Tribunal Superior Eleitoral (TSE), ministro Luiz Fux. O TCU julga a exatid\u00e3o dos demonstrativos cont\u00e1beis dos administradores p\u00fablicos, inclusive estaduais e municipais, quando esses agentes s\u00e3o respons\u00e1veis pela aplica\u00e7\u00e3o [&hellip;]<\/p>\n","protected":false},"author":27,"featured_media":0,"comment_status":"open","ping_status":"closed","sticky":false,"template":"","format":"standard","meta":{"footnotes":""},"categories":[2719],"tags":[2933,11975,2278,7231,7620,1689,12932,3673,214,1690,316,6978,635,2053],"class_list":["post-9789","post","type-post","status-publish","format-standard","hentry","category-servidor","tag-administradores","tag-contabeis","tag-contas","tag-demonstrativos","tag-eleitorais","tag-estaduais","tag-inelegibilidade","tag-irregulares","tag-justica-eleitoral","tag-municipais","tag-recursos","tag-sancoes","tag-tcu","tag-tse"],"_links":{"self":[{"href":"https:\/\/blogs.correiobraziliense.com.br\/servidor\/wp-json\/wp\/v2\/posts\/9789","targetHints":{"allow":["GET"]}}],"collection":[{"href":"https:\/\/blogs.correiobraziliense.com.br\/servidor\/wp-json\/wp\/v2\/posts"}],"about":[{"href":"https:\/\/blogs.correiobraziliense.com.br\/servidor\/wp-json\/wp\/v2\/types\/post"}],"author":[{"embeddable":true,"href":"https:\/\/blogs.correiobraziliense.com.br\/servidor\/wp-json\/wp\/v2\/users\/27"}],"replies":[{"embeddable":true,"href":"https:\/\/blogs.correiobraziliense.com.br\/servidor\/wp-json\/wp\/v2\/comments?post=9789"}],"version-history":[{"count":1,"href":"https:\/\/blogs.correiobraziliense.com.br\/servidor\/wp-json\/wp\/v2\/posts\/9789\/revisions"}],"predecessor-version":[{"id":9790,"href":"https:\/\/blogs.correiobraziliense.com.br\/servidor\/wp-json\/wp\/v2\/posts\/9789\/revisions\/9790"}],"wp:attachment":[{"href":"https:\/\/blogs.correiobraziliense.com.br\/servidor\/wp-json\/wp\/v2\/media?parent=9789"}],"wp:term":[{"taxonomy":"category","embeddable":true,"href":"https:\/\/blogs.correiobraziliense.com.br\/servidor\/wp-json\/wp\/v2\/categories?post=9789"},{"taxonomy":"post_tag","embeddable":true,"href":"https:\/\/blogs.correiobraziliense.com.br\/servidor\/wp-json\/wp\/v2\/tags?post=9789"}],"curies":[{"name":"wp","href":"https:\/\/api.w.org\/{rel}","templated":true}]}}