{"id":9781,"date":"2018-07-25T12:46:42","date_gmt":"2018-07-25T15:46:42","guid":{"rendered":"https:\/\/blogs.correiobraziliense.com.br\/servidor\/?p=9781"},"modified":"2018-07-25T12:46:42","modified_gmt":"2018-07-25T15:46:42","slug":"fgv-dapp-apresenta-sala-de-democracia-digital-que-vai-monitorar-debate-publico-nas-redes-nas-eleicoes-2018","status":"publish","type":"post","link":"https:\/\/blogs.correiobraziliense.com.br\/servidor\/fgv-dapp-apresenta-sala-de-democracia-digital-que-vai-monitorar-debate-publico-nas-redes-nas-eleicoes-2018\/","title":{"rendered":"FGV DAPP apresenta Sala de Democracia Digital que vai monitorar debate p\u00fablico nas redes nas Elei\u00e7\u00f5es 2018"},"content":{"rendered":"<p><em>Semin\u00e1rio come\u00e7a daqui a pouco, \u00e0s 13h30<\/em><\/p>\n<p>A Diretoria de An\u00e1lise de Pol\u00edticas P\u00fablicas da Funda\u00e7\u00e3o Getulio Vargas (FGV DAPP) lan\u00e7a nesta <span id=\"OBJ_PREFIX_DWT1136_com_zimbra_date\" class=\"Object\">quarta<\/span>-feira, dia <span id=\"OBJ_PREFIX_DWT1123_com_zimbra_date\" class=\"Object\"><span id=\"OBJ_PREFIX_DWT1137_com_zimbra_date\" class=\"Object\">25 de julho<\/span><\/span>, a &#8220;Sala de Democracia Digital &#8211; #observa2018&#8221;, no Rio<span id=\"OBJ_PREFIX_DWT1124_com_zimbra_date\" class=\"Object\"> de Janeiro<\/span>, com um semin\u00e1rio sobre o impacto das redes sociais nas elei\u00e7\u00f5es no Brasil e no mundo. O projeto tem como objetivo acompanhar e analisar o debate p\u00fablico na web e identificar a\u00e7\u00f5es de desinforma\u00e7\u00e3o nas elei\u00e7\u00f5es deste ano.<\/p>\n<p>A Sala disponibilizar\u00e1 de forma p\u00fablica e acess\u00edvel an\u00e1lises di\u00e1rias sobre as percep\u00e7\u00f5es da sociedade acerca da agenda de pol\u00edticas p\u00fablicas e do debate econ\u00f4mico, bem como sobre pr\u00e1ticas de manipula\u00e7\u00e3o do processo pol\u00edtico, como a presen\u00e7a de perfis automatizados (rob\u00f4s) e a difus\u00e3o de not\u00edcias falsas (fake news).<\/p>\n<p><strong>Servi\u00e7o:<\/strong><br \/>\n<em><strong>Sala de Democracia Digital &#8211; #observa2018<\/strong><\/em><br \/>\n<strong>Data:<\/strong> <span id=\"OBJ_PREFIX_DWT1125_com_zimbra_date\" class=\"Object\"><span id=\"OBJ_PREFIX_DWT1138_com_zimbra_date\" class=\"Object\">25 de julho<\/span><\/span><br \/>\n<strong>Local:<\/strong> Audit\u00f3rio \u2013 12\u00b0 Andar \u2013 Edif\u00edcio Sede<br \/>\n<strong>Endere\u00e7o:<\/strong> Edif\u00edcio Luiz Sim\u00f5es Lopes \u2013 Praia de Botafogo, 190 \u2013 Botafogo, Rio<span id=\"OBJ_PREFIX_DWT1126_com_zimbra_date\" class=\"Object\"> de Janeiro<\/span> \u2013 RJ<br \/>\n<strong>Inscreva-se:<\/strong> <strong><span id=\"OBJ_PREFIX_DWT1127_com_zimbra_url\" class=\"Object\"><span id=\"OBJ_PREFIX_DWT1139_com_zimbra_url\" class=\"Object\"><a href=\"http:\/\/www.imcgrupo.com\/link.php?code=bDpodHRwJTNBJTJGJTJGd3d3LmZndi5iciUyRmV2ZW50b3MlMkYlM0ZQX0VWRU5UTyUzRDM5ODMlMjZQX0lESU9NQSUzRDA6Mjk3MjEwNDEyOTp2ZXJhYmF0aXN0YS5kZkBkYWJyLmNvbS5icjpiZGYxNGM0OGY1ZWMyZDgyN2NiYmQ0OTY4MjEyMDQ1N2E1\" target=\"_blank\">http:\/\/www.fgv.br\/eventos\/?P_EVENTO=3983&amp;P_IDIOMA=0<\/a><\/span><\/span> <\/strong><\/p>\n<p><strong>&gt;&gt; Programa\u00e7\u00e3o:<\/strong><\/p>\n<p><strong>Abertura | 13h30<\/strong><\/p>\n<p><strong>Apresenta\u00e7\u00e3o<\/strong> <strong>| 13h45<\/strong><br \/>\nApresenta\u00e7\u00e3o da Sala de Democracia Digital \u2013 #observa2018<br \/>\n<strong>Marco Ruediger<\/strong>, Diretor da FGV DAPP<br \/>\n<strong>Sabrina Nudeliman<\/strong>, Fundadora e CEO da Elo Company<\/p>\n<p><strong>Parte 1 \u2013 Pol\u00edtica e Internet nas Elei\u00e7\u00f5es 2018<\/strong> <strong>| 13h50 \u2013 15h30<br \/>\n<\/strong>O que esperar sobre o papel da internet e redes sociais nas elei\u00e7\u00f5es brasileiras?<\/p>\n<p><strong>Marco Ruediger<\/strong>, Diretor da FGV DAPP<br \/>\n<strong>Oscar Vilhena<\/strong>, Diretor da Escola de Direito FGV-SP<br \/>\n<strong>Paula Miraglia<\/strong>, Diretora Geral do Nexo Jornal<br \/>\n<strong>Jos\u00e9 Roberto Toledo<\/strong>, Editor na Revista Piau\u00ed<br \/>\n<em>Media\u00e7\u00e3o: <strong>Thiago Barbosa<\/strong>, Jornalista na R\u00e1dio CBN<\/em><\/p>\n<p><strong>|||||| Intervalo \u2013 15h30 ||||||<\/strong><\/p>\n<p><strong>Apresenta\u00e7\u00e3o | 16h \u2013 16h20<\/strong><br \/>\nSabrina Nudeliman, Fundadora e CEO da Elo Company<br \/>\nMarcio Vasconcelos, Diretor do IT&amp;E<\/p>\n<p><strong>Parte 2 \u2013 Pol\u00edtica e Internet \u2013 A experi\u00eancia internacional | 16h20 \u2013 18h<br \/>\n<\/strong>Que conclus\u00f5es podem ser extra\u00eddas de processos eleitorais recentes pelo mundo?<\/p>\n<p><strong>Roberta Braga<\/strong>, Diretora-Associada no America Latina Center do Atlantic Council<br \/>\n<strong>Tania Montalvo<\/strong>, Editora-Chefe no Portal de Not\u00edcias Animal Pol\u00edtico (M\u00e9xico)<br \/>\n<strong>Francisco Herrero<\/strong>, Diretor para Am\u00e9rica Latina do National Democratic Institute (NDI)<br \/>\n<strong>Pedro Telles<\/strong>, Representante da Omidyar Network<br \/>\n<em>Media\u00e7\u00e3o: <strong>Claudia Antunes<\/strong>, Editora no Jornal O Globo<\/em><\/p>\n<p><strong>Encerramento | 18h<\/strong><\/p>\n","protected":false},"excerpt":{"rendered":"<p>Semin\u00e1rio come\u00e7a daqui a pouco, \u00e0s 13h30 A Diretoria de An\u00e1lise de Pol\u00edticas P\u00fablicas da Funda\u00e7\u00e3o Getulio Vargas (FGV DAPP) lan\u00e7a nesta quarta-feira, dia 25 de julho, a &#8220;Sala de Democracia Digital &#8211; #observa2018&#8221;, no Rio de Janeiro, com um semin\u00e1rio sobre o impacto das redes sociais nas elei\u00e7\u00f5es no Brasil e no mundo. O projeto tem como objetivo acompanhar [&hellip;]<\/p>\n","protected":false},"author":27,"featured_media":0,"comment_status":"open","ping_status":"closed","sticky":false,"template":"","format":"standard","meta":{"footnotes":""},"categories":[2719],"tags":[847,2596,11672,12422,706,1633,241,3236,12924,267,351],"class_list":["post-9781","post","type-post","status-publish","format-standard","hentry","category-servidor","tag-debate","tag-economico","tag-eleicoes-2018","tag-fgv-dapp","tag-politicas","tag-publicas","tag-publico","tag-redes","tag-sala-de-democracia-digital","tag-seminario","tag-sociedade"],"_links":{"self":[{"href":"https:\/\/blogs.correiobraziliense.com.br\/servidor\/wp-json\/wp\/v2\/posts\/9781","targetHints":{"allow":["GET"]}}],"collection":[{"href":"https:\/\/blogs.correiobraziliense.com.br\/servidor\/wp-json\/wp\/v2\/posts"}],"about":[{"href":"https:\/\/blogs.correiobraziliense.com.br\/servidor\/wp-json\/wp\/v2\/types\/post"}],"author":[{"embeddable":true,"href":"https:\/\/blogs.correiobraziliense.com.br\/servidor\/wp-json\/wp\/v2\/users\/27"}],"replies":[{"embeddable":true,"href":"https:\/\/blogs.correiobraziliense.com.br\/servidor\/wp-json\/wp\/v2\/comments?post=9781"}],"version-history":[{"count":1,"href":"https:\/\/blogs.correiobraziliense.com.br\/servidor\/wp-json\/wp\/v2\/posts\/9781\/revisions"}],"predecessor-version":[{"id":9782,"href":"https:\/\/blogs.correiobraziliense.com.br\/servidor\/wp-json\/wp\/v2\/posts\/9781\/revisions\/9782"}],"wp:attachment":[{"href":"https:\/\/blogs.correiobraziliense.com.br\/servidor\/wp-json\/wp\/v2\/media?parent=9781"}],"wp:term":[{"taxonomy":"category","embeddable":true,"href":"https:\/\/blogs.correiobraziliense.com.br\/servidor\/wp-json\/wp\/v2\/categories?post=9781"},{"taxonomy":"post_tag","embeddable":true,"href":"https:\/\/blogs.correiobraziliense.com.br\/servidor\/wp-json\/wp\/v2\/tags?post=9781"}],"curies":[{"name":"wp","href":"https:\/\/api.w.org\/{rel}","templated":true}]}}