{"id":9779,"date":"2018-07-25T12:14:18","date_gmt":"2018-07-25T15:14:18","guid":{"rendered":"https:\/\/blogs.correiobraziliense.com.br\/servidor\/?p=9779"},"modified":"2018-07-25T12:14:18","modified_gmt":"2018-07-25T15:14:18","slug":"batalha-na-camara-para-impedir-indicacoes-politicas-em-agencias-regulatorias","status":"publish","type":"post","link":"https:\/\/blogs.correiobraziliense.com.br\/servidor\/batalha-na-camara-para-impedir-indicacoes-politicas-em-agencias-regulatorias\/","title":{"rendered":"Batalha na C\u00e2mara para impedir indica\u00e7\u00f5es pol\u00edticas em ag\u00eancias regulat\u00f3rias"},"content":{"rendered":"<p><em>As ag\u00eancias regulat\u00f3rias devem ter compromisso com o pa\u00eds, n\u00e3o com o governo, diz parlamentar<\/em><\/p>\n<p>O deputado F\u00e1bio Trad (PSD-MS) entrar\u00e1 com recurso contra decis\u00e3o de comiss\u00e3o especial da C\u00e2mara que reabre a possibilidade de indica\u00e7\u00f5es pol\u00edticas para cargos de dire\u00e7\u00e3o nas ag\u00eancias regulat\u00f3rias.<\/p>\n<p>Trad j\u00e1 elaborou o requerimento e colher\u00e1 as 52 assinaturas, m\u00ednimo necess\u00e1rio para que a pauta seja discutida e votada em plen\u00e1rio, t\u00e3o logo sejam retomados os trabalhos na C\u00e2mara Federal ap\u00f3s o recesso parlamentar.<\/p>\n<p>A comiss\u00e3o especial, criada para discutir o Projeto de Lei Geral das Ag\u00eancias Reguladoras (PL 6621\/2016), tinha o objetivo de garantir autonomia dessas autarquias e dar mais transpar\u00eancia \u00e0s atividades, por\u00e9m incluiu no texto a volta das indica\u00e7\u00f5es pol\u00edticas para cargos na diretoria e no conselho de administra\u00e7\u00e3o dessas empresas.<\/p>\n<p>&#8220;O caminho \u00e9 a profissionaliza\u00e7\u00e3o do servi\u00e7o p\u00fablico, qualifica\u00e7\u00e3o crescente dos agentes p\u00fablicos e as ag\u00eancias reguladoras tem compromisso com o pa\u00eds, n\u00e3o com o governo e sim com o Estado brasileiro&#8221;, afirmou o deputado F\u00e1bio Trad.<\/p>\n<p>Segundo ele, compete \u00e0s ag\u00eancias fiscalizar a rela\u00e7\u00e3o entre empresas e o governo, regulamentar a aplica\u00e7\u00e3o de leis nos setores em que atuam e punir companhias com multas e san\u00e7\u00f5es mais severas, como recomendar a extin\u00e7\u00e3o de contratos.<\/p>\n<p>&#8220;Quando se deixa a regula\u00e7\u00e3o na m\u00e3o de partidos, isso compromete seriamente o conceito da ag\u00eancia reguladora, cria imprevisibilidade e gera inseguran\u00e7a, o que desestimula investimentos&#8221;, acrescentou.<\/p>\n","protected":false},"excerpt":{"rendered":"<p>As ag\u00eancias regulat\u00f3rias devem ter compromisso com o pa\u00eds, n\u00e3o com o governo, diz parlamentar O deputado F\u00e1bio Trad (PSD-MS) entrar\u00e1 com recurso contra decis\u00e3o de comiss\u00e3o especial da C\u00e2mara que reabre a possibilidade de indica\u00e7\u00f5es pol\u00edticas para cargos de dire\u00e7\u00e3o nas ag\u00eancias regulat\u00f3rias. Trad j\u00e1 elaborou o requerimento e colher\u00e1 as 52 assinaturas, m\u00ednimo necess\u00e1rio para que a pauta [&hellip;]<\/p>\n","protected":false},"author":27,"featured_media":0,"comment_status":"open","ping_status":"closed","sticky":false,"template":"","format":"standard","meta":{"footnotes":""},"categories":[2719],"tags":[879,61,1150,4484,1202,3085,12923,829,706,4134,2441,11388,1959],"class_list":["post-9779","post","type-post","status-publish","format-standard","hentry","category-servidor","tag-agencias","tag-camara","tag-comissao","tag-direcao","tag-especial","tag-indicacoes","tag-p0lenario","tag-parlamentar","tag-politicas","tag-recesso","tag-recurso","tag-regulatorias","tag-requerimento"],"_links":{"self":[{"href":"https:\/\/blogs.correiobraziliense.com.br\/servidor\/wp-json\/wp\/v2\/posts\/9779","targetHints":{"allow":["GET"]}}],"collection":[{"href":"https:\/\/blogs.correiobraziliense.com.br\/servidor\/wp-json\/wp\/v2\/posts"}],"about":[{"href":"https:\/\/blogs.correiobraziliense.com.br\/servidor\/wp-json\/wp\/v2\/types\/post"}],"author":[{"embeddable":true,"href":"https:\/\/blogs.correiobraziliense.com.br\/servidor\/wp-json\/wp\/v2\/users\/27"}],"replies":[{"embeddable":true,"href":"https:\/\/blogs.correiobraziliense.com.br\/servidor\/wp-json\/wp\/v2\/comments?post=9779"}],"version-history":[{"count":1,"href":"https:\/\/blogs.correiobraziliense.com.br\/servidor\/wp-json\/wp\/v2\/posts\/9779\/revisions"}],"predecessor-version":[{"id":9780,"href":"https:\/\/blogs.correiobraziliense.com.br\/servidor\/wp-json\/wp\/v2\/posts\/9779\/revisions\/9780"}],"wp:attachment":[{"href":"https:\/\/blogs.correiobraziliense.com.br\/servidor\/wp-json\/wp\/v2\/media?parent=9779"}],"wp:term":[{"taxonomy":"category","embeddable":true,"href":"https:\/\/blogs.correiobraziliense.com.br\/servidor\/wp-json\/wp\/v2\/categories?post=9779"},{"taxonomy":"post_tag","embeddable":true,"href":"https:\/\/blogs.correiobraziliense.com.br\/servidor\/wp-json\/wp\/v2\/tags?post=9779"}],"curies":[{"name":"wp","href":"https:\/\/api.w.org\/{rel}","templated":true}]}}