{"id":9772,"date":"2018-07-24T17:40:11","date_gmt":"2018-07-24T20:40:11","guid":{"rendered":"https:\/\/blogs.correiobraziliense.com.br\/servidor\/?p=9772"},"modified":"2018-07-24T17:40:11","modified_gmt":"2018-07-24T20:40:11","slug":"forum-nacional-da-advocacia-publica-entra-com-acao-para-exigir-definicao-do-valor-do-beneficio-especial","status":"publish","type":"post","link":"https:\/\/blogs.correiobraziliense.com.br\/servidor\/forum-nacional-da-advocacia-publica-entra-com-acao-para-exigir-definicao-do-valor-do-beneficio-especial\/","title":{"rendered":"F\u00f3rum Nacional da Advocacia P\u00fablica aju\u00edza a\u00e7\u00e3o contra a Uni\u00e3o no caso do Funpresp"},"content":{"rendered":"<p><em>No processo, o F\u00f3rum exige que a Uni\u00e3o apresente o valor definitivo do benef\u00edcio especial aos que optarem por migrar para o novo regime previdenci\u00e1rio. e que inclua as gratifica\u00e7\u00f5es natalinas (13\u00ba sal\u00e1rio)<\/em><\/p>\n<p>Veja a nota:<\/p>\n<p>&#8220;O F\u00f3rum Nacional da Advocacia P\u00fablica, integrado por Anauni, Sinprofaz, Anajur e Anpprev, ingressou em nome de todos os seus filiados com a\u00e7\u00e3o judicial perante a Justi\u00e7a Federal do Distrito Federal com vistas a obrigar a Uni\u00e3o a apresentar o valor definitivo do Benef\u00edcio Especial (BE) que ser\u00e1 devido a cada um dos filiados que optarem pela migra\u00e7\u00e3o para o novo regime previdenci\u00e1rio (Funpresp) sujeito ao limite m\u00e1ximo estabelecido para as contribui\u00e7\u00f5es e benef\u00edcios do RGPS (Lei n\u00ba 12.618\/2012).<\/p>\n<p>Requer-se na a\u00e7\u00e3o, ademais, que seja garantido que o c\u00e1lculo do BE contemple todo o per\u00edodo e todos os valores das contribui\u00e7\u00f5es mensais efetuadas, a qualquer t\u00edtulo, para os regimes pr\u00f3prios da previd\u00eancia social dos servidores p\u00fablicos, inclu\u00eddas as contribui\u00e7\u00f5es pagas incidentes sobre as gratifica\u00e7\u00f5es natalinas (13\u00ba sal\u00e1rio); e, ainda, que seja assegurada a vincula\u00e7\u00e3o da Uni\u00e3o ao valor apresentado.<\/p>\n<p>Bras\u00edlia, 23 de Julho de 2018&#8221;<\/p>\n","protected":false},"excerpt":{"rendered":"<p>No processo, o F\u00f3rum exige que a Uni\u00e3o apresente o valor definitivo do benef\u00edcio especial aos que optarem por migrar para o novo regime previdenci\u00e1rio. e que inclua as gratifica\u00e7\u00f5es natalinas (13\u00ba sal\u00e1rio) Veja a nota: &#8220;O F\u00f3rum Nacional da Advocacia P\u00fablica, integrado por Anauni, Sinprofaz, Anajur e Anpprev, ingressou em nome de todos os seus filiados com a\u00e7\u00e3o judicial [&hellip;]<\/p>\n","protected":false},"author":27,"featured_media":0,"comment_status":"open","ping_status":"closed","sticky":false,"template":"","format":"standard","meta":{"footnotes":""},"categories":[2719],"tags":[2414,176,11581,12886,12920,820,2280,12824,3010,1157,2325,590,588,58,330],"class_list":["post-9772","post","type-post","status-publish","format-standard","hentry","category-servidor","tag-13o-salario","tag-acao","tag-be","tag-beneficio-especial","tag-forum-nacional-da-advocacia-publica","tag-funpresp","tag-gratificacoes","tag-migrar","tag-previdenciario","tag-processo","tag-regime","tag-rgps","tag-rpps","tag-servidores","tag-uniao"],"_links":{"self":[{"href":"https:\/\/blogs.correiobraziliense.com.br\/servidor\/wp-json\/wp\/v2\/posts\/9772","targetHints":{"allow":["GET"]}}],"collection":[{"href":"https:\/\/blogs.correiobraziliense.com.br\/servidor\/wp-json\/wp\/v2\/posts"}],"about":[{"href":"https:\/\/blogs.correiobraziliense.com.br\/servidor\/wp-json\/wp\/v2\/types\/post"}],"author":[{"embeddable":true,"href":"https:\/\/blogs.correiobraziliense.com.br\/servidor\/wp-json\/wp\/v2\/users\/27"}],"replies":[{"embeddable":true,"href":"https:\/\/blogs.correiobraziliense.com.br\/servidor\/wp-json\/wp\/v2\/comments?post=9772"}],"version-history":[{"count":1,"href":"https:\/\/blogs.correiobraziliense.com.br\/servidor\/wp-json\/wp\/v2\/posts\/9772\/revisions"}],"predecessor-version":[{"id":9773,"href":"https:\/\/blogs.correiobraziliense.com.br\/servidor\/wp-json\/wp\/v2\/posts\/9772\/revisions\/9773"}],"wp:attachment":[{"href":"https:\/\/blogs.correiobraziliense.com.br\/servidor\/wp-json\/wp\/v2\/media?parent=9772"}],"wp:term":[{"taxonomy":"category","embeddable":true,"href":"https:\/\/blogs.correiobraziliense.com.br\/servidor\/wp-json\/wp\/v2\/categories?post=9772"},{"taxonomy":"post_tag","embeddable":true,"href":"https:\/\/blogs.correiobraziliense.com.br\/servidor\/wp-json\/wp\/v2\/tags?post=9772"}],"curies":[{"name":"wp","href":"https:\/\/api.w.org\/{rel}","templated":true}]}}