{"id":9770,"date":"2018-07-24T14:59:42","date_gmt":"2018-07-24T17:59:42","guid":{"rendered":"https:\/\/blogs.correiobraziliense.com.br\/servidor\/?p=9770"},"modified":"2018-07-24T14:59:42","modified_gmt":"2018-07-24T17:59:42","slug":"ministerio-do-trabalho-ameaca-destruir-biblioteca-historica","status":"publish","type":"post","link":"https:\/\/blogs.correiobraziliense.com.br\/servidor\/ministerio-do-trabalho-ameaca-destruir-biblioteca-historica\/","title":{"rendered":"Minist\u00e9rio do Trabalho amea\u00e7a destruir biblioteca hist\u00f3rica"},"content":{"rendered":"<p><em>Ap\u00f3s mais de 20 anos de exist\u00eancia, a Biblioteca S\u00e9rgio Buarque de Holanda, que funciona no Edif\u00edcio Anexo do Minist\u00e9rio do Trabalho, pode perder grande parte do seu acervo e deixar de atender os mais de 60 usu\u00e1rios que diariamente visitam o local<br \/>\n<\/em><\/p>\n<p>Tudo porque, segundo den\u00fancias do Sindicato dos Servidores P\u00fablicos Federais (Sindsep-DF), a dire\u00e7\u00e3o do minist\u00e9rio resolveu transferir a biblioteca para um espa\u00e7o bem menor que o atual, que\u00a0 n\u00e3o comporta nem um d\u00e9cimo da cole\u00e7\u00e3o da biblioteca com mais de 20 mil t\u00edtulos, alguns datados de 1975 e que re\u00fanem toda a hist\u00f3ria do \u00f3rg\u00e3o. A biblioteca \u00e9 frequentada por servidores e estudantes de todas as regi\u00f5es de Bras\u00edlia.<\/p>\n<p>Para o secret\u00e1rio-geral do Sindsep-DF, Oton Pereira Neves, a transfer\u00eancia da biblioteca para uma sala menor e sem as condi\u00e7\u00f5es apropriadas para receber os frequentadores do espa\u00e7o \u00e9 um ataque brutal ao patrim\u00f4nio p\u00fablico, pois pode representar inclusive a perda de um acervo hist\u00f3rico de livros e documentos referentes n\u00e3o apenas ao minist\u00e9rio, mas \u00e0s conquistas da classe trabalhadora. \u201cN\u00e3o vamos deixar que isso aconte\u00e7a!\u201d, afirmou.<\/p>\n<p>Para evitar a transfer\u00eancia da biblioteca, o Sindsep-DF j\u00e1 solicitou audi\u00eancia em car\u00e1ter de urg\u00eancia com o ministro do Trabalho, Caio Vieira de Mello, o secret\u00e1rio-executivo Admilson Moreira dos Santos, e o corregedor Aldo Candido Costa Filho. No mesmo of\u00edcio, o sindicato pede que seja suspenso qualquer procedimento que leve \u00e0 destrui\u00e7\u00e3o do patrim\u00f4nio p\u00fablico que \u00e9 a Biblioteca S\u00e9rgio Buarque de Holanda.<\/p>\n<p>A assessoria jur\u00eddica do Sindsep-DF prepara tamb\u00e9m uma peti\u00e7\u00e3o ao Minist\u00e9rio P\u00fablico para que atue como intermediador nessa luta em defesa da biblioteca.<\/p>\n","protected":false},"excerpt":{"rendered":"<p>Ap\u00f3s mais de 20 anos de exist\u00eancia, a Biblioteca S\u00e9rgio Buarque de Holanda, que funciona no Edif\u00edcio Anexo do Minist\u00e9rio do Trabalho, pode perder grande parte do seu acervo e deixar de atender os mais de 60 usu\u00e1rios que diariamente visitam o local Tudo porque, segundo den\u00fancias do Sindicato dos Servidores P\u00fablicos Federais (Sindsep-DF), a dire\u00e7\u00e3o do minist\u00e9rio resolveu transferir [&hellip;]<\/p>\n","protected":false},"author":27,"featured_media":0,"comment_status":"open","ping_status":"closed","sticky":false,"template":"","format":"standard","meta":{"footnotes":""},"categories":[2719],"tags":[12917,12916,12919,12918,760,1163,1271,9140,2841,1454,241,58,1608],"class_list":["post-9770","post","type-post","status-publish","format-standard","hentry","category-servidor","tag-acervp-isiarops-sindsep-df","tag-biblioteca","tag-biblioteca-sergio-buarque-de-holanda","tag-colecao","tag-documentos","tag-estudantes","tag-historia","tag-historica","tag-ministerio-do-trabalho","tag-patrimonio","tag-publico","tag-servidores","tag-titulos"],"_links":{"self":[{"href":"https:\/\/blogs.correiobraziliense.com.br\/servidor\/wp-json\/wp\/v2\/posts\/9770","targetHints":{"allow":["GET"]}}],"collection":[{"href":"https:\/\/blogs.correiobraziliense.com.br\/servidor\/wp-json\/wp\/v2\/posts"}],"about":[{"href":"https:\/\/blogs.correiobraziliense.com.br\/servidor\/wp-json\/wp\/v2\/types\/post"}],"author":[{"embeddable":true,"href":"https:\/\/blogs.correiobraziliense.com.br\/servidor\/wp-json\/wp\/v2\/users\/27"}],"replies":[{"embeddable":true,"href":"https:\/\/blogs.correiobraziliense.com.br\/servidor\/wp-json\/wp\/v2\/comments?post=9770"}],"version-history":[{"count":1,"href":"https:\/\/blogs.correiobraziliense.com.br\/servidor\/wp-json\/wp\/v2\/posts\/9770\/revisions"}],"predecessor-version":[{"id":9771,"href":"https:\/\/blogs.correiobraziliense.com.br\/servidor\/wp-json\/wp\/v2\/posts\/9770\/revisions\/9771"}],"wp:attachment":[{"href":"https:\/\/blogs.correiobraziliense.com.br\/servidor\/wp-json\/wp\/v2\/media?parent=9770"}],"wp:term":[{"taxonomy":"category","embeddable":true,"href":"https:\/\/blogs.correiobraziliense.com.br\/servidor\/wp-json\/wp\/v2\/categories?post=9770"},{"taxonomy":"post_tag","embeddable":true,"href":"https:\/\/blogs.correiobraziliense.com.br\/servidor\/wp-json\/wp\/v2\/tags?post=9770"}],"curies":[{"name":"wp","href":"https:\/\/api.w.org\/{rel}","templated":true}]}}