{"id":9766,"date":"2018-07-23T18:23:22","date_gmt":"2018-07-23T21:23:22","guid":{"rendered":"https:\/\/blogs.correiobraziliense.com.br\/servidor\/?p=9766"},"modified":"2018-07-23T18:23:22","modified_gmt":"2018-07-23T21:23:22","slug":"usp-cria-novo-curso-para-formar-especialistas-em-computacao-aplicada-educacao","status":"publish","type":"post","link":"https:\/\/blogs.correiobraziliense.com.br\/servidor\/usp-cria-novo-curso-para-formar-especialistas-em-computacao-aplicada-educacao\/","title":{"rendered":"USP cria novo curso para formar especialistas em computa\u00e7\u00e3o aplicada \u00e0 educa\u00e7\u00e3o"},"content":{"rendered":"<p><span style=\"color: #444444;font-family: arial, helvetica, sans-serif\"><i>As inscri\u00e7\u00f5es j\u00e1 est\u00e3o abertas e as disciplinas ser\u00e3o na modalidade ensino a dist\u00e2ncia. Alunos s\u00f3 precisar\u00e3o comparecer a dois encontros presenciais, no in\u00edcio e no fim do curso.\u00a0Para se inscrever na especializa\u00e7\u00e3o, basta se cadastrar no sistema online de inscri\u00e7\u00e3o dispon\u00edvel no <a href=\"http:\/\/especializacao.icmc.usp.br\/selecao-e-matricula.php\" target=\"_blank\">site do curso<\/a> at\u00e9 dia 30 de setembro. A taxa de inscri\u00e7\u00e3o \u00e9 de R$ 150. Os aprovados pagam ainda R$ 390 de matr\u00edcula<br \/>\n<\/i><\/span><\/p>\n<div>Qualquer pessoa com forma\u00e7\u00e3o universit\u00e1ria pode se inscrever na iniciativa, j\u00e1 que n\u00e3o \u00e9 necess\u00e1rio conhecimento pr\u00e9vio na \u00e1rea de computa\u00e7\u00e3o e programa\u00e7\u00e3o. O principal objetivo do primeiro curso de p\u00f3s-gradua\u00e7\u00e3o a dist\u00e2ncia lan\u00e7ado pelo Instituto de Ci\u00eancias Matem\u00e1ticas e de Computa\u00e7\u00e3o (ICMC) da USP, em S\u00e3o Carlos: uma <a href=\"http:\/\/especializacao.icmc.usp.br\/index.php\" target=\"_blank\">especializa\u00e7\u00e3o em computa\u00e7\u00e3o aplicada \u00e0 educa\u00e7\u00e3o<\/a> \u00e9 o contato direto com diferentes tecnologias computacionais com potencial para revolucionar a educa\u00e7\u00e3o brasileira.<\/div>\n<div><\/div>\n<div>De acordo com o ICMC, durante os 23 meses do curso, os participantes conhecer\u00e3o as t\u00e9cnicas, pr\u00e1ticas e ferramentas mais avan\u00e7adas na \u00e1rea de computa\u00e7\u00e3o que d\u00e3o apoio aos processos de ensino e aprendizagem. Entre os t\u00f3picos est\u00e3o, por exemplo, m\u00e9todos motivacionais no ambiente computacional para reduzir a evas\u00e3o de alunos e t\u00e9cnicas da computa\u00e7\u00e3o que permitem personalizar a aprendizagem, de acordo com as necessidades dos estudantes e dos professores. Al\u00e9m disso, ser\u00e3o apresentadas tecnologias abertas, colaborativas e de imers\u00e3o \u2013 tais como as que j\u00e1 s\u00e3o utilizadas em jogos e as que possibilitam criar realidade aumentada ou virtual \u2013, e tamb\u00e9m t\u00e9cnicas e ferramentas baseadas em intelig\u00eancia artificial.<\/div>\n<div><\/div>\n<div>\u201cTodas essas tecnologias t\u00eam potencial para mudar radicalmente a intera\u00e7\u00e3o do estudante com o ambiente educacional, aumentando a intera\u00e7\u00e3o com o conte\u00fado que \u00e9 ensinado. Consequentemente, \u00e9 poss\u00edvel aprimorar a qualidade do ensino bem como os resultados de aprendizagem em todos os \u00e2mbitos, quer seja no ensino fundamental, m\u00e9dio ou superior\u201d, explica o professor Seiji Isotani, do ICMC, coordenador do novo curso.<\/div>\n<div><\/div>\n<div>O professor ressalta que o campo de trabalho e pesquisa na \u00e1rea de computa\u00e7\u00e3o aplicada \u00e0 educa\u00e7\u00e3o tem crescido fortemente no Brasil e no mundo. Segundo o <i>The Boston Consulting Group<\/i>, s\u00f3 em 2015 foram mais de US$ 4,5 bilh\u00f5es investidos em tecnologias educacionais apenas no setor privado. Atualmente, centenas de startups (empresas de base tecnol\u00f3gica) com foco em desenvolvimento de tecnologia atuam nesse setor e grandes empresas tamb\u00e9m est\u00e3o investindo a fim de propor, desenvolver e aplicar tecnologias computacionais para apoiar as atividades de ensino e aprendizagem.<\/div>\n<div><\/div>\n<div>\u201cO pr\u00f3prio Minist\u00e9rio da Educa\u00e7\u00e3o tem atuado fortemente para criar pol\u00edticas p\u00fablicas que fomentem o desenvolvimento e uso adequado das tecnologias, principalmente na educa\u00e7\u00e3o b\u00e1sica. Cito como exemplo o edital do <a href=\"https:\/\/tecnologiaeducacional.mec.gov.br\/\" target=\"_blank\">Guia de Tecnologias<\/a> e a <a href=\"https:\/\/plataformaintegrada.mec.gov.br\/\" target=\"_blank\">Plataforma Integrada MEC de Recursos Educacionais Digitais<\/a>\u201d, completa Isotani.<\/div>\n<div><\/div>\n<div><b>Como participar<\/b><\/div>\n<div>Para se inscrever na especializa\u00e7\u00e3o, basta se cadastrar no sistema online de inscri\u00e7\u00e3o dispon\u00edvel no <a href=\"http:\/\/especializacao.icmc.usp.br\/selecao-e-matricula.php\" target=\"_blank\">site do curso<\/a> at\u00e9 dia 30 de setembro. A taxa de inscri\u00e7\u00e3o \u00e9 de R$ 150. Ser\u00e3o selecionados, no m\u00e1ximo, 300 candidatos de todo o Brasil. O processo seletivo consistir\u00e1 na an\u00e1lise dos documentos enviados durante a inscri\u00e7\u00e3o e o resultado final ser\u00e1 informado via e-mail. Ap\u00f3s a divulga\u00e7\u00e3o do resultado, o candidato aprovado dever\u00e1 manifestar interesse na vaga, tamb\u00e9m por e-mail, e\u00a0 pagar a taxa de matr\u00edcula (R$ 390) em at\u00e9 sete dias. O valor da taxa \u00e9 id\u00eantico ao da mensalidade do curso, que totaliza 23 parcelas de R$ 390.<\/div>\n<div><\/div>\n<div>Ser\u00e3o oferecidas, ainda, algumas bolsas de estudos para os alunos matriculados, os quais ter\u00e3o isen\u00e7\u00e3o total no pagamento da matr\u00edcula e das mensalidades. A sele\u00e7\u00e3o dos bolsistas tamb\u00e9m ser\u00e1 por meio da an\u00e1lise dos documentos enviados na inscri\u00e7\u00e3o. Haver\u00e1 prioridade para a concess\u00e3o de bolsas a professores, gestores e funcion\u00e1rios de rede p\u00fablica que trabalham no ensino fundamental e m\u00e9dio <a href=\"http:\/\/especializacao.icmc.usp.br\/faq.php\" target=\"_blank\">(<i>veja os demais crit\u00e9rios de sele\u00e7\u00e3o no site<\/i><\/a>).<\/div>\n<div><\/div>\n<div>Todas as informa\u00e7\u00f5es referentes ao acesso ao ambiente online de aprendizagem e tamb\u00e9m em rela\u00e7\u00e3o ao primeiro encontro presencial ser\u00e3o enviadas aos selecionados logo ap\u00f3s a confirma\u00e7\u00e3o da matr\u00edcula. As aulas no ambiente online come\u00e7ar\u00e3o dia 15 de outubro e o primeiro encontro presencial j\u00e1 est\u00e1 agendado: acontecer\u00e1 nos dias 20 e 21 de outubro no ICMC, no campus da USP, em S\u00e3o Carlos. Conhecida como a capital da tecnologia, S\u00e3o Carlos est\u00e1 localizada no centro do Estado de S\u00e3o Paulo, a apenas 244 quil\u00f4metros da capital paulista, 146 quil\u00f4metros de Campinas e 101 de Ribeir\u00e3o Preto.<\/div>\n<p>&nbsp;<\/p>\n<div><b>Ambiente diferenciado<\/b><\/div>\n<div>O ambiente de ensino a dist\u00e2ncia em que a especializa\u00e7\u00e3o ser\u00e1 oferecida est\u00e1 em total sintonia com a proposta da iniciativa, segundo o ICMC. Personalizado, o ambiente oferecer\u00e1 uma ampla gama de atividades, tais como video-aulas, atividades de leitura, avalia\u00e7\u00e3o pelos pares, trabalhos em grupo, discuss\u00f5es em f\u00f3runs, webin\u00e1rios, escrita de resenhas, cria\u00e7\u00e3o de conte\u00fados educacionais, desenvolvimento de projetos e provas.<\/div>\n<div><\/div>\n<div>Os t\u00edtulos de algumas das disciplinas d\u00e3o pistas sobre o conte\u00fado de cada uma: \u201cGamifica\u00e7\u00e3o da aprendizagem\u201d; \u201cIntelig\u00eancia artificial na educa\u00e7\u00e3o\u201d; \u201cA revolu\u00e7\u00e3o das tecnologias da computa\u00e7\u00e3o e o potencial de aplica\u00e7\u00e3o na educa\u00e7\u00e3o\u201d. Al\u00e9m do professor Seiji Isotani e da professora Ellen Francine, ambos do ICMC, o corpo docente do curso \u00e9 multidisciplinar e agrega profissionais qualificados, todos com doutorado, que atuam em diferentes centros de pesquisa e ensino como a Escola Polit\u00e9cnica da USP, a Universidade Federal do Estado do Rio de Janeiro, a Universidade Federal de Alagoas, a Universidade Federal de Pernambuco e a Universidade do Vale do Rio dos Sinos.<\/div>\n<div><\/div>\n<div>A especializa\u00e7\u00e3o conta, ainda, com o apoio do <a href=\"http:\/\/www.cemeai.icmc.usp.br\/index.php\" target=\"_blank\">Centro de Ci\u00eancias Matem\u00e1ticas Aplicadas \u00e0 Ind\u00fastria (CeMEAI)<\/a> e da Funda\u00e7\u00e3o de Apoio \u00e0 F\u00edsica e \u00e0 Qu\u00edmica (FAFQ).<\/div>\n<div><\/div>\n<p>&nbsp;<\/p>\n","protected":false},"excerpt":{"rendered":"<p>As inscri\u00e7\u00f5es j\u00e1 est\u00e3o abertas e as disciplinas ser\u00e3o na modalidade ensino a dist\u00e2ncia. Alunos s\u00f3 precisar\u00e3o comparecer a dois encontros presenciais, no in\u00edcio e no fim do curso.\u00a0Para se inscrever na especializa\u00e7\u00e3o, basta se cadastrar no sistema online de inscri\u00e7\u00e3o dispon\u00edvel no site do curso at\u00e9 dia 30 de setembro. A taxa de inscri\u00e7\u00e3o \u00e9 de R$ 150. Os [&hellip;]<\/p>\n","protected":false},"author":27,"featured_media":0,"comment_status":"open","ping_status":"closed","sticky":false,"template":"","format":"standard","meta":{"footnotes":""},"categories":[2719],"tags":[3942,12231,234,12913,5549,10512,48,1296,12912,382,12914,12911,2978,781,4658,4340,1451,562,4252,961,12910],"class_list":["post-9766","post","type-post","status-publish","format-standard","hentry","category-servidor","tag-aplicada","tag-aprendizagem","tag-aprovados","tag-castrar","tag-computacao","tag-disciplinas","tag-educacao","tag-ensino","tag-ensino-a-distancia","tag-especialistas","tag-feramentass","tag-formar","tag-icmc","tag-inscricoes","tag-online","tag-pos-graduacao","tag-presenciais","tag-processos","tag-programacao","tag-sistema","tag-usp-curso"],"_links":{"self":[{"href":"https:\/\/blogs.correiobraziliense.com.br\/servidor\/wp-json\/wp\/v2\/posts\/9766","targetHints":{"allow":["GET"]}}],"collection":[{"href":"https:\/\/blogs.correiobraziliense.com.br\/servidor\/wp-json\/wp\/v2\/posts"}],"about":[{"href":"https:\/\/blogs.correiobraziliense.com.br\/servidor\/wp-json\/wp\/v2\/types\/post"}],"author":[{"embeddable":true,"href":"https:\/\/blogs.correiobraziliense.com.br\/servidor\/wp-json\/wp\/v2\/users\/27"}],"replies":[{"embeddable":true,"href":"https:\/\/blogs.correiobraziliense.com.br\/servidor\/wp-json\/wp\/v2\/comments?post=9766"}],"version-history":[{"count":1,"href":"https:\/\/blogs.correiobraziliense.com.br\/servidor\/wp-json\/wp\/v2\/posts\/9766\/revisions"}],"predecessor-version":[{"id":9767,"href":"https:\/\/blogs.correiobraziliense.com.br\/servidor\/wp-json\/wp\/v2\/posts\/9766\/revisions\/9767"}],"wp:attachment":[{"href":"https:\/\/blogs.correiobraziliense.com.br\/servidor\/wp-json\/wp\/v2\/media?parent=9766"}],"wp:term":[{"taxonomy":"category","embeddable":true,"href":"https:\/\/blogs.correiobraziliense.com.br\/servidor\/wp-json\/wp\/v2\/categories?post=9766"},{"taxonomy":"post_tag","embeddable":true,"href":"https:\/\/blogs.correiobraziliense.com.br\/servidor\/wp-json\/wp\/v2\/tags?post=9766"}],"curies":[{"name":"wp","href":"https:\/\/api.w.org\/{rel}","templated":true}]}}