{"id":9760,"date":"2018-07-20T14:54:34","date_gmt":"2018-07-20T17:54:34","guid":{"rendered":"https:\/\/blogs.correiobraziliense.com.br\/servidor\/?p=9760"},"modified":"2018-07-20T14:54:34","modified_gmt":"2018-07-20T17:54:34","slug":"violencia-no-trabalho-e-tema-de-evento-no-dia-nacional-de-prevencao-de-acidentes-do-trabalho","status":"publish","type":"post","link":"https:\/\/blogs.correiobraziliense.com.br\/servidor\/violencia-no-trabalho-e-tema-de-evento-no-dia-nacional-de-prevencao-de-acidentes-do-trabalho\/","title":{"rendered":"Viol\u00eancia no trabalho \u00e9 tema de evento no Dia Nacional de Preven\u00e7\u00e3o de Acidentes do Trabalho"},"content":{"rendered":"<div>O Grupo Interinstitucional do Programa Trabalho Seguro na D\u00e9cima Regi\u00e3o (Getrin10) apresentar\u00e1 no dia 27 de julho uma s\u00e9rie de debates sobre \u201cViol\u00eancias no trabalho: enfrentamento e supera\u00e7\u00e3o\u201d, tema do Programa Trabalho Seguro dos pr\u00f3ximos dois anos. A data lembra o Dia Nacional de Preven\u00e7\u00e3o de Acidentes do Trabalho, s\u00edmbolo da luta dos trabalhadores brasileiros por melhorias nas condi\u00e7\u00f5es de sa\u00fade e seguran\u00e7a no trabalho.<\/div>\n<div><\/div>\n<div>A mesa expositora ser\u00e1 composta pelos gestores regionais do Programa Trabalho Seguro, al\u00e9m de membros do Minist\u00e9rio P\u00fablico do Trabalho, da OAB-DF e da Fundacentro-DF. A iniciativa atende a uma das metas definidas pelo Comit\u00ea Gestor Nacional do Programa Trabalho Seguro do Conselho Superior do Trabalho (CSJT) e do Tribunal Superior do Trabalho (TST). Por isso, a tem\u00e1tica dos debates \u00e9 a mesma adotada pelo Programa para o bi\u00eanio 2018\/2019.<\/div>\n<div><\/div>\n<div>O evento \u00e9 multidisciplinar e ocorrer\u00e1 no audit\u00f3rio da Funda\u00e7\u00e3o Oswaldo Cruz (Fiocruz), de 8h30 \u00e0 12h. As inscri\u00e7\u00f5es podem ser feitas no site da FUNDACENTRO, no link <a href=\"http:\/\/www.fundacentro.gov.br\/cursos-e-eventos-inicio\" target=\"_blank\">www.fundacentro.gov.br\/cursos-e-eventos-inicio<\/a>.<\/div>\n<div><\/div>\n<div><b>Palestrantes<\/b><\/div>\n<div><\/div>\n<div>A palestra magna de abertura ser\u00e1 feita pelo desembargador Grijalbo Fernandes Coutinho, do TRT-10. J\u00e1 o tema \u201cA\u00e7\u00e3o Regressiva Acident\u00e1ria &#8211; Desafios presentes e perspectivas futuras\u201d ser\u00e1 ministrado pelo procurador federal Fernando Maciel. A terceira palestra ficar\u00e1 a cargo da m\u00e9dica p\u00f3s-graduada em Medicina do Trabalho, Rosylane Rocha, que falar\u00e1 sobre os \u201cImpactos do Ass\u00e9dio Moral na Sa\u00fade dos Trabalhadores\u201d.<\/div>\n<div><\/div>\n<div><b><u>Servi\u00e7o:<\/u><\/b><\/div>\n<div>Evento multidisciplinar aberto ao p\u00fablico<\/div>\n<div>Data: 27 de julho (sexta-feira)<\/div>\n<div>Hor\u00e1rio: das 8h30 \u00e0s 12h<\/div>\n<div>Local: Audit\u00f3rio da Funda\u00e7\u00e3o Oswaldo Cruz (Fiocruz)<\/div>\n<div>Inscri\u00e7\u00f5es: <a href=\"http:\/\/www.fundacentro.gov.br\/cursos-e-eventos-inicio\" target=\"_blank\">www.fundacentro.gov.br\/cursos-e-eventos-inicio<\/a><\/div>\n","protected":false},"excerpt":{"rendered":"<p>O Grupo Interinstitucional do Programa Trabalho Seguro na D\u00e9cima Regi\u00e3o (Getrin10) apresentar\u00e1 no dia 27 de julho uma s\u00e9rie de debates sobre \u201cViol\u00eancias no trabalho: enfrentamento e supera\u00e7\u00e3o\u201d, tema do Programa Trabalho Seguro dos pr\u00f3ximos dois anos. A data lembra o Dia Nacional de Preven\u00e7\u00e3o de Acidentes do Trabalho, s\u00edmbolo da luta dos trabalhadores brasileiros por melhorias nas condi\u00e7\u00f5es de [&hellip;]<\/p>\n","protected":false},"author":27,"featured_media":0,"comment_status":"open","ping_status":"closed","sticky":false,"template":"","format":"standard","meta":{"footnotes":""},"categories":[2719],"tags":[12907,1800,208,3955,19,261,5347,4427],"class_list":["post-9760","post","type-post","status-publish","format-standard","hentry","category-servidor","tag-dia-nacional-de-prevencao-de-acidentes-de-trabalho","tag-enfrentamento","tag-seguranca","tag-superacao","tag-trabalhadores","tag-trabalho","tag-trt10","tag-violencia"],"_links":{"self":[{"href":"https:\/\/blogs.correiobraziliense.com.br\/servidor\/wp-json\/wp\/v2\/posts\/9760","targetHints":{"allow":["GET"]}}],"collection":[{"href":"https:\/\/blogs.correiobraziliense.com.br\/servidor\/wp-json\/wp\/v2\/posts"}],"about":[{"href":"https:\/\/blogs.correiobraziliense.com.br\/servidor\/wp-json\/wp\/v2\/types\/post"}],"author":[{"embeddable":true,"href":"https:\/\/blogs.correiobraziliense.com.br\/servidor\/wp-json\/wp\/v2\/users\/27"}],"replies":[{"embeddable":true,"href":"https:\/\/blogs.correiobraziliense.com.br\/servidor\/wp-json\/wp\/v2\/comments?post=9760"}],"version-history":[{"count":1,"href":"https:\/\/blogs.correiobraziliense.com.br\/servidor\/wp-json\/wp\/v2\/posts\/9760\/revisions"}],"predecessor-version":[{"id":9761,"href":"https:\/\/blogs.correiobraziliense.com.br\/servidor\/wp-json\/wp\/v2\/posts\/9760\/revisions\/9761"}],"wp:attachment":[{"href":"https:\/\/blogs.correiobraziliense.com.br\/servidor\/wp-json\/wp\/v2\/media?parent=9760"}],"wp:term":[{"taxonomy":"category","embeddable":true,"href":"https:\/\/blogs.correiobraziliense.com.br\/servidor\/wp-json\/wp\/v2\/categories?post=9760"},{"taxonomy":"post_tag","embeddable":true,"href":"https:\/\/blogs.correiobraziliense.com.br\/servidor\/wp-json\/wp\/v2\/tags?post=9760"}],"curies":[{"name":"wp","href":"https:\/\/api.w.org\/{rel}","templated":true}]}}