{"id":9755,"date":"2018-07-20T14:23:50","date_gmt":"2018-07-20T17:23:50","guid":{"rendered":"https:\/\/blogs.correiobraziliense.com.br\/servidor\/?p=9755"},"modified":"2018-07-20T14:24:57","modified_gmt":"2018-07-20T17:24:57","slug":"auditores-da-receita-ameacam-com-nova-greve-em-agostono-de-protesto-em-agosto","status":"publish","type":"post","link":"https:\/\/blogs.correiobraziliense.com.br\/servidor\/auditores-da-receita-ameacam-com-nova-greve-em-agostono-de-protesto-em-agosto\/","title":{"rendered":"Auditores da Receita amea\u00e7am com nova greve em agosto"},"content":{"rendered":"<p><em>A classe refor\u00e7a que a \u201csuspens\u00e3o\u201d da greve vai at\u00e9 1\u00ba de agosto. Encerrado o prazo, sem que o b\u00f4nus de efici\u00eancia (extra al\u00e9m dos sal\u00e1rios de R$ 3 mil mensais) tenha sido regulamentado, a categoria deve automaticamente retomar o movimento, avisa o Sindicato Nacional dos Auditores Fiscais da Receita Federal (Sindifisco).\u00a0O impacto atual nos gastos p\u00fablicos anual com o b\u00f4nus para auditores e analistas, ativos e aposentados, est\u00e1 pr\u00f3ximo de R$ 700 milh\u00f5es. Com o aumento previsto de 50% (para R$ 4,5 mil) ultrapassaria a R$ 1 bilh\u00e3o para os cofres da Uni\u00e3o<\/em><\/p>\n<p>Por meio de nota, o Sindifisco lembra que, passados, 16 dias da suspens\u00e3o da greve, a classe ainda aguarda o decreto do governo regulamentando o benef\u00edcio. &#8220;Meados de julho e, at\u00e9 o momento, a classe ainda aguarda a publica\u00e7\u00e3o do decreto que vai regulamentar do b\u00f4nus de efici\u00eancia. H\u00e1 16 dias, os auditores fiscais deliberaram pela retomada das atividades na Receita Federal do Brasil, sob a condi\u00e7\u00e3o de avan\u00e7o nas tratativas com o governo e o aux\u00edlio do deputado Rodrigo Maia (DEM-RJ), presidente da C\u00e2mara dos Deputados, na interlocu\u00e7\u00e3o com o Pal\u00e1cio do Planalto&#8221;.<\/p>\n<p>A nota informa, ainda, que a normaliza\u00e7\u00e3o dos trabalhos foi proposta do parlamentar para que pudesse atuar em defesa do b\u00f4nus. Desde ent\u00e3o, a Diretoria Executiva Nacional (DEN) tem acompanhado as gest\u00f5es e, em paralelo, continuado a articula\u00e7\u00e3o com o Executivo, al\u00e9m do trabalho parlamentar no Congresso Nacional. &#8220;A expectativa \u00e9 de que a quest\u00e3o seja solucionada em breve, no entanto, a demora para a publica\u00e7\u00e3o da norma tem acentuado a insatisfa\u00e7\u00e3o&#8221;, aponta.<\/p>\n<p><strong>Hist\u00f3rico<\/strong><\/p>\n<p>Segundo informa\u00e7\u00f5es de fontes ligadas ao governo, a promessa de Rodrigo Maia era de que o decreto de regulamenta\u00e7\u00e3o do b\u00f4nus de efici\u00eancia ocorresse at\u00e9 31 de junho, aproveitando o recesso parlamentar da C\u00e2mara dos Deputados. &#8220;Esta a\u00e7\u00e3o seria uma forma de enrolar os\u00a0 demais deputados que s\u00e3o contra ao b\u00f4nus de atrelado \u00e0 cobran\u00e7a de multas e juros nas fiscaliza\u00e7\u00f5es contra as empresas e para a sociedade e aumento dos gastos p\u00fablicos&#8221;, disse o informante .<\/p>\n<p>Os auditores recebem hoje o valor de R$ 3 mil de b\u00f4nus e teriam, de imediato, afirmou a fonte que preferiu o anonimato, um aumento nesta gratifica\u00e7\u00e3o de 50%, passando para R$ 4,5 mil\u00a0 e\u00a0 garantido o aumento em torno de 10% a 15% por ano no m\u00ednimo, pois dependeria da arrecada\u00e7\u00e3o que est\u00e1 crescente.<\/p>\n<p>A remunera\u00e7\u00e3o destes servidores, que grande parte est\u00e1 em final de carreira, chegaria em janeiro de 2019 a R$ 31,8 mil (vencimento de R$ 27,3 mil e b\u00f4nus de R$ 4,5 mil) o que seria pr\u00f3ximo do teto remunerat\u00f3rio do funcionalismo federal de R$ 33,7 mil.<\/p>\n<p>Alguns auditores podem ainda receber penduricalhos &#8220;extras pomposos&#8221;, como di\u00e1rias, fun\u00e7\u00e3o gratificada de chefias, adicional periculosidade (10% do vencimento ), adicional de fronteira (R$ 1,8 mil ao m\u00eas ) e adicional noturno.<\/p>\n<p>Considerando todas as vantagem a remunera\u00e7\u00e3o dos auditores fiscais j\u00e1 seria a maior do funcionalismo federal.<\/p>\n<p>O reajuste do b\u00f4nus de efici\u00eancia seria tamb\u00e9m uma forma de burlar o teto do gastos, considerou a fonte, pois seu valor seria reajustado todo ano, o que contraria a l\u00f3gica de controle de gastos p\u00fablicos.<\/p>\n<p>O impacto atual das despesas p\u00fablicas anual com o pagamento do b\u00f4nus de efici\u00eancia para auditores e analistas, ativos e aposentados, est\u00e1 pr\u00f3ximo de R$ 700 milh\u00f5es e com aumento de 50% ultrapassaria a R$ 1 bilh\u00e3o.<\/p>\n<p>&#8220;Resta saber se a manobra do Planalto e do Rodrigo Maia de enganar os parlamentares dar\u00e1 certo ou apenas foi uma promessa para acabar a greve dos auditores, que se arrastava h\u00e1 8 meses e j\u00e1 estava incomodando o empresariado&#8221;, finalizou o t\u00e9cnico.<\/p>\n","protected":false},"excerpt":{"rendered":"<p>A classe refor\u00e7a que a \u201csuspens\u00e3o\u201d da greve vai at\u00e9 1\u00ba de agosto. Encerrado o prazo, sem que o b\u00f4nus de efici\u00eancia (extra al\u00e9m dos sal\u00e1rios de R$ 3 mil mensais) tenha sido regulamentado, a categoria deve automaticamente retomar o movimento, avisa o Sindicato Nacional dos Auditores Fiscais da Receita Federal (Sindifisco).\u00a0O impacto atual nos gastos p\u00fablicos anual com o [&hellip;]<\/p>\n","protected":false},"author":27,"featured_media":0,"comment_status":"open","ping_status":"closed","sticky":false,"template":"","format":"standard","meta":{"footnotes":""},"categories":[2719],"tags":[2826,381,3093,75,1468,1531,12904,235,247,1164,1169,98,15,833,540,718,461,923,1620,2232,16,2423,642,330],"class_list":["post-9755","post","type-post","status-publish","format-standard","hentry","category-servidor","tag-agosto","tag-analistas","tag-audiotes","tag-aumento","tag-bonus-de-eficiencia","tag-camara-dos-deputados","tag-cofes","tag-despesas","tag-fisco","tag-funcionalismo","tag-gastos","tag-governo","tag-greve","tag-impacto","tag-movimento","tag-protesto","tag-receita","tag-regulamentacao","tag-remuneracao","tag-remuneratorio","tag-retorno","tag-suspensao","tag-teto","tag-uniao"],"_links":{"self":[{"href":"https:\/\/blogs.correiobraziliense.com.br\/servidor\/wp-json\/wp\/v2\/posts\/9755","targetHints":{"allow":["GET"]}}],"collection":[{"href":"https:\/\/blogs.correiobraziliense.com.br\/servidor\/wp-json\/wp\/v2\/posts"}],"about":[{"href":"https:\/\/blogs.correiobraziliense.com.br\/servidor\/wp-json\/wp\/v2\/types\/post"}],"author":[{"embeddable":true,"href":"https:\/\/blogs.correiobraziliense.com.br\/servidor\/wp-json\/wp\/v2\/users\/27"}],"replies":[{"embeddable":true,"href":"https:\/\/blogs.correiobraziliense.com.br\/servidor\/wp-json\/wp\/v2\/comments?post=9755"}],"version-history":[{"count":2,"href":"https:\/\/blogs.correiobraziliense.com.br\/servidor\/wp-json\/wp\/v2\/posts\/9755\/revisions"}],"predecessor-version":[{"id":9757,"href":"https:\/\/blogs.correiobraziliense.com.br\/servidor\/wp-json\/wp\/v2\/posts\/9755\/revisions\/9757"}],"wp:attachment":[{"href":"https:\/\/blogs.correiobraziliense.com.br\/servidor\/wp-json\/wp\/v2\/media?parent=9755"}],"wp:term":[{"taxonomy":"category","embeddable":true,"href":"https:\/\/blogs.correiobraziliense.com.br\/servidor\/wp-json\/wp\/v2\/categories?post=9755"},{"taxonomy":"post_tag","embeddable":true,"href":"https:\/\/blogs.correiobraziliense.com.br\/servidor\/wp-json\/wp\/v2\/tags?post=9755"}],"curies":[{"name":"wp","href":"https:\/\/api.w.org\/{rel}","templated":true}]}}