{"id":9740,"date":"2018-07-19T14:36:21","date_gmt":"2018-07-19T17:36:21","guid":{"rendered":"https:\/\/blogs.correiobraziliense.com.br\/servidor\/?p=9740"},"modified":"2018-07-19T17:54:32","modified_gmt":"2018-07-19T20:54:32","slug":"corregedor-de-justica-intima-magistrados-envolvidos-no-caso-do-hc-de-lula","status":"publish","type":"post","link":"https:\/\/blogs.correiobraziliense.com.br\/servidor\/corregedor-de-justica-intima-magistrados-envolvidos-no-caso-do-hc-de-lula\/","title":{"rendered":"Corregedor de Justi\u00e7a intima magistrados envolvidos no caso do HC de Lula"},"content":{"rendered":"<p><em>O prazo para envio das informa\u00e7\u00f5es \u00e9 de 15 dias corridos, contados a partir de 1\u00ba de agosto, em virtude do recesso forense (2 a 31 de julho)<\/em><\/p>\n<p>Os desembargadores Rog\u00e9rio Favreto e Jo\u00e3o Pedro Gebran Neto, ambos do Tribunal Regional Federal da 4\u00aa Regi\u00e3o (TRF-4), e o juiz federal S\u00e9rgio Moro j\u00e1 foram intimados pelo corregedor nacional de Justi\u00e7a, ministro Jo\u00e3o Ot\u00e1vio de Noronha, a prestar informa\u00e7\u00f5es a respeito do epis\u00f3dio do Habeas Corpus concedido ao ex-presidente Luiz In\u00e1cio Lula da Silva (PT) e posteriores manifesta\u00e7\u00f5es que resultaram na manuten\u00e7\u00e3o de sua pris\u00e3o, no \u00faltimo dia 8.<\/p>\n<p>As representa\u00e7\u00f5es recebidas pelo CNJ contra os magistrados foram sobrestadas e apensadas ao Pedido de Provid\u00eancias aberto pelo corregedor. O procedimento segue em segredo de Justi\u00e7a.<\/p>\n<p>Moro e desembargadores podem sofrer processo administrativo, dizem especialistas.\u00a0As decis\u00f5es conflitantes em rela\u00e7\u00e3o \u00e0 liberta\u00e7\u00e3o do ex-presidente Lula fizeram o corregedor do CNJ (Conselho Nacional de Justi\u00e7a), ministro Jo\u00e3o Ot\u00e1vio de Noronha, intimar os desembargadores Rog\u00e9rio Favreto e Jo\u00e3o Pedro Gebran Neto, ambos do TRF-4 (Tribunal Regional Federal da 4\u00aa Regi\u00e3o), e o juiz federal Sergio Moro.<\/p>\n<p><strong>Hist\u00f3rico<\/strong><\/p>\n<p>No \u00faltimo dia 8, Favreto determinou a liberta\u00e7\u00e3o de Lula, preso desde 7 de abril, mas teve a ordem contestada por decis\u00f5es de Moro e Gebran. Os magistrados ter\u00e3o at\u00e9 o dia 15 de agosto para apresentarem as informa\u00e7\u00f5es ao CNJ.<\/p>\n<p>\u201cFoi uma situa\u00e7\u00e3o sui generis. No meio de um plant\u00e3o o desembargador Rog\u00e9rio Favreto emitiu decis\u00e3o para revogar a pris\u00e3o do ex-presidente. Em seguida, o juiz Sergio Moro e o desembargador Jo\u00e3o Pedro Gebran Neto, tamb\u00e9m do TRF-4, deram decis\u00f5es contestando a ordem de Favreto. Na sequ\u00eancia, o desembargador Favreto emitiu novas decis\u00f5es, reafirmando sua determina\u00e7\u00e3o de colocar o ex-presidente em liberdade. Criou-se um impasse, um reboli\u00e7o jur\u00eddico sem precedentes\u201d, relembra o criminalista Fernando Castelo Branco, coordenador do curso de p\u00f3s-gradua\u00e7\u00e3o de direito penal do IDP-S\u00e3o Paulo.<\/p>\n<p>O imbr\u00f3glio jur\u00eddico foi resolvido por decis\u00e3o do presidente do TRF-4, desembargador Carlos Eduardo Thompson Flores, que reafirmou a validade da decis\u00e3o de Gebran Neto e determinou que Lula continuasse preso.<\/p>\n<p>Para Castelo Branco, o CNJ est\u00e1 cumprindo seu papel. \u201cCabe ao CNJ exatamente investigar toda a sequ\u00eancia desordenada de fatos e decis\u00f5es proferidas, detectando eventuais responsabilidades dos envolvidos.\u201d<\/p>\n<p>De fato, a abertura de procedimento pela Corregedoria do CNJ significa que ser\u00e1 apurado se eventualmente algum dos magistrados emitiu decis\u00e3o de forma irregular a suas atribui\u00e7\u00f5es.<\/p>\n<p>\u201c\u00c9 necess\u00e1rio que o \u00f3rg\u00e3o julgador pratique dilig\u00eancias preliminares, para fins de esclarecimentos, antes de iniciar um processo administrativo disciplinar. A ampla defesa \u00e9 direito constitucional aplic\u00e1vel n\u00e3o apenas em processos judiciais, mas tamb\u00e9m em processos administrativos\u201d, conclui Jo\u00e3o Paulo Martinelli, criminalista e professor de direito penal.<\/p>\n","protected":false},"excerpt":{"rendered":"<p>O prazo para envio das informa\u00e7\u00f5es \u00e9 de 15 dias corridos, contados a partir de 1\u00ba de agosto, em virtude do recesso forense (2 a 31 de julho) Os desembargadores Rog\u00e9rio Favreto e Jo\u00e3o Pedro Gebran Neto, ambos do Tribunal Regional Federal da 4\u00aa Regi\u00e3o (TRF-4), e o juiz federal S\u00e9rgio Moro j\u00e1 foram intimados pelo corregedor nacional de Justi\u00e7a, [&hellip;]<\/p>\n","protected":false},"author":27,"featured_media":0,"comment_status":"open","ping_status":"closed","sticky":false,"template":"","format":"standard","meta":{"footnotes":""},"categories":[2719],"tags":[12893,7038,7975,12812,7800,12896,12895,260,1361,621,12897,1038,12894,6721,1399,3388],"class_list":["post-9740","post","type-post","status-publish","format-standard","hentry","category-servidor","tag-corregedor-de-justica","tag-envolvidos","tag-habeas-corpus","tag-hc","tag-intima","tag-joao-otavio-noronha","tag-joao-pedro-gebran-neto","tag-justica","tag-lula","tag-magistrados","tag-magistrrados","tag-prisao","tag-rogerio-favreto","tag-segredo","tag-sergio-moro","tag-trf4"],"_links":{"self":[{"href":"https:\/\/blogs.correiobraziliense.com.br\/servidor\/wp-json\/wp\/v2\/posts\/9740","targetHints":{"allow":["GET"]}}],"collection":[{"href":"https:\/\/blogs.correiobraziliense.com.br\/servidor\/wp-json\/wp\/v2\/posts"}],"about":[{"href":"https:\/\/blogs.correiobraziliense.com.br\/servidor\/wp-json\/wp\/v2\/types\/post"}],"author":[{"embeddable":true,"href":"https:\/\/blogs.correiobraziliense.com.br\/servidor\/wp-json\/wp\/v2\/users\/27"}],"replies":[{"embeddable":true,"href":"https:\/\/blogs.correiobraziliense.com.br\/servidor\/wp-json\/wp\/v2\/comments?post=9740"}],"version-history":[{"count":4,"href":"https:\/\/blogs.correiobraziliense.com.br\/servidor\/wp-json\/wp\/v2\/posts\/9740\/revisions"}],"predecessor-version":[{"id":9748,"href":"https:\/\/blogs.correiobraziliense.com.br\/servidor\/wp-json\/wp\/v2\/posts\/9740\/revisions\/9748"}],"wp:attachment":[{"href":"https:\/\/blogs.correiobraziliense.com.br\/servidor\/wp-json\/wp\/v2\/media?parent=9740"}],"wp:term":[{"taxonomy":"category","embeddable":true,"href":"https:\/\/blogs.correiobraziliense.com.br\/servidor\/wp-json\/wp\/v2\/categories?post=9740"},{"taxonomy":"post_tag","embeddable":true,"href":"https:\/\/blogs.correiobraziliense.com.br\/servidor\/wp-json\/wp\/v2\/tags?post=9740"}],"curies":[{"name":"wp","href":"https:\/\/api.w.org\/{rel}","templated":true}]}}