{"id":9734,"date":"2018-07-18T20:22:01","date_gmt":"2018-07-18T23:22:01","guid":{"rendered":"https:\/\/blogs.correiobraziliense.com.br\/servidor\/?p=9734"},"modified":"2018-07-18T20:22:01","modified_gmt":"2018-07-18T23:22:01","slug":"sinagencias-vai-apresentar-um-projeto-de-regulacao-nacional","status":"publish","type":"post","link":"https:\/\/blogs.correiobraziliense.com.br\/servidor\/sinagencias-vai-apresentar-um-projeto-de-regulacao-nacional\/","title":{"rendered":"Sinag\u00eancias vai apresentar um projeto de regula\u00e7\u00e3o nacional"},"content":{"rendered":"<p><em>Alexnaldo Queiroz, presidente do Sindicato Nacional dos Servidores das Ag\u00eancias Reguladoras (Sinag\u00eancias), conta que, desde a cria\u00e7\u00e3o, na d\u00e9cada de 1990, at\u00e9 hoje, nenhum governo criou uma pol\u00edtica s\u00e9ria, com fundamentos t\u00e9cnicos, para o setor. Ele critica as altera\u00e7\u00f5es na proposta que cria a Lei Geral das Ag\u00eancias e permite a indica\u00e7\u00e3o pol\u00edtica de presidentes e diretores. Diz, ainda, que a equipara\u00e7\u00e3o salarial da carreira ao ciclo de gest\u00e3o ter\u00e1 impacto de R$ 500 milh\u00f5es, considerado pequeno em rela\u00e7\u00e3o \u00e0 arrecada\u00e7\u00e3o, que ultrapassou os R$ 26 bilh\u00f5es, em 2017<\/em><\/p>\n<p>Veja a entrevista com o presidente do Sinag\u00eancias:<\/p>\n<p>https:\/\/www.facebook.com\/correiobraziliense\/videos\/1934588769920777\/<\/p>\n<p>&nbsp;<\/p>\n","protected":false},"excerpt":{"rendered":"<p>Alexnaldo Queiroz, presidente do Sindicato Nacional dos Servidores das Ag\u00eancias Reguladoras (Sinag\u00eancias), conta que, desde a cria\u00e7\u00e3o, na d\u00e9cada de 1990, at\u00e9 hoje, nenhum governo criou uma pol\u00edtica s\u00e9ria, com fundamentos t\u00e9cnicos, para o setor. Ele critica as altera\u00e7\u00f5es na proposta que cria a Lei Geral das Ag\u00eancias e permite a indica\u00e7\u00e3o pol\u00edtica de presidentes e diretores. Diz, ainda, que [&hellip;]<\/p>\n","protected":false},"author":27,"featured_media":0,"comment_status":"open","ping_status":"closed","sticky":false,"template":"","format":"standard","meta":{"footnotes":""},"categories":[2719],"tags":[5684,1371,833,2165,1415,4600,101,6835,18,4560,2781],"class_list":["post-9734","post","type-post","status-publish","format-standard","hentry","category-servidor","tag-diretores","tag-equiparacao","tag-impacto","tag-indicacao","tag-politica","tag-presidentes","tag-projeto","tag-regulacao","tag-salarial","tag-sinagencias","tag-tecnicos"],"_links":{"self":[{"href":"https:\/\/blogs.correiobraziliense.com.br\/servidor\/wp-json\/wp\/v2\/posts\/9734","targetHints":{"allow":["GET"]}}],"collection":[{"href":"https:\/\/blogs.correiobraziliense.com.br\/servidor\/wp-json\/wp\/v2\/posts"}],"about":[{"href":"https:\/\/blogs.correiobraziliense.com.br\/servidor\/wp-json\/wp\/v2\/types\/post"}],"author":[{"embeddable":true,"href":"https:\/\/blogs.correiobraziliense.com.br\/servidor\/wp-json\/wp\/v2\/users\/27"}],"replies":[{"embeddable":true,"href":"https:\/\/blogs.correiobraziliense.com.br\/servidor\/wp-json\/wp\/v2\/comments?post=9734"}],"version-history":[{"count":1,"href":"https:\/\/blogs.correiobraziliense.com.br\/servidor\/wp-json\/wp\/v2\/posts\/9734\/revisions"}],"predecessor-version":[{"id":9735,"href":"https:\/\/blogs.correiobraziliense.com.br\/servidor\/wp-json\/wp\/v2\/posts\/9734\/revisions\/9735"}],"wp:attachment":[{"href":"https:\/\/blogs.correiobraziliense.com.br\/servidor\/wp-json\/wp\/v2\/media?parent=9734"}],"wp:term":[{"taxonomy":"category","embeddable":true,"href":"https:\/\/blogs.correiobraziliense.com.br\/servidor\/wp-json\/wp\/v2\/categories?post=9734"},{"taxonomy":"post_tag","embeddable":true,"href":"https:\/\/blogs.correiobraziliense.com.br\/servidor\/wp-json\/wp\/v2\/tags?post=9734"}],"curies":[{"name":"wp","href":"https:\/\/api.w.org\/{rel}","templated":true}]}}