{"id":9732,"date":"2018-07-18T17:34:10","date_gmt":"2018-07-18T20:34:10","guid":{"rendered":"https:\/\/blogs.correiobraziliense.com.br\/servidor\/?p=9732"},"modified":"2018-07-18T17:34:10","modified_gmt":"2018-07-18T20:34:10","slug":"alckmin-promete-concurso-publico-para-pf","status":"publish","type":"post","link":"https:\/\/blogs.correiobraziliense.com.br\/servidor\/alckmin-promete-concurso-publico-para-pf\/","title":{"rendered":"Alckmin promete concurso p\u00fablico para a PF"},"content":{"rendered":"<p><em>&#8220;Fa\u00e7o compromisso com voc\u00eas de aumentar o efetivo em quatro mil cargos&#8221;, afirmou o pr\u00e9-candidato \u00e0 Presid\u00eancia da Rep\u00fablica, Geraldo Alckmin. Ele afirmou ainda que, se eleito, vai aprovar indica\u00e7\u00e3o de lista tr\u00edplice para mandato de diretor-geral do \u00f3rg\u00e3o. Nesta quarta-feira(18), ele esteve na sede da Associa\u00e7\u00e3o dos Delegados de Pol\u00edcia Federal (ADPF), para discutir os temas considerados priorit\u00e1rios para a carreira.\u00a0<\/em><\/p>\n<p>Na manh\u00e3 de hoje (18), o pr\u00e9-candidato \u00e0 Presid\u00eancia da Rep\u00fablica, Geraldo Alckmin, esteve na sede da Associa\u00e7\u00e3o dos Delegados de Pol\u00edcia Federal (ADPF), para discutir temas relevantes \u00e0 categoria e \u00e0 sociedade brasileira. Na ocasi\u00e3o, afirmou que a seguran\u00e7a p\u00fablica ser\u00e1 uma prioridade em seu governo e por isso, se comprometeu a ampliar o quadro de pessoal da PF, por meio de concursos p\u00fablicos. &#8220;Fa\u00e7o compromisso com voc\u00eas de aumentar o efetivo em quatro mil cargos&#8221;, afirmou Alckmin.<\/p>\n<p>Sobre a autonomia da PF, os Delegados Federais destacaram a import\u00e2ncia da aprova\u00e7\u00e3o do projeto, em tramita\u00e7\u00e3o no Congresso, que prev\u00ea mandato para o para o diretor-geral, assim como j\u00e1 ocorre em alguns pa\u00edses como os Estados Unidos. Alckmin\u00a0ressaltou que apesar, de ser dever do governo escolher e prestar contas das suas escolhas, acredita que ainda que n\u00e3o seja feito na lei, poderia ser feito na pr\u00e1tica, inclusive com a indica\u00e7\u00e3o de nomes considerados qualificados pelos delegados da PF. &#8220;Podem sugerir lista tr\u00edplice que n\u00f3s vamos aprovar&#8221;, afirmou Geraldo Alckmin.<br \/>\nAl\u00e9m de apresentar suas propostas, Geraldo Alckmin ouviu quais as principais agendas dos delegados federais. O presidente da Associa\u00e7\u00e3o, Edvandir Felix de Paiva, apresentou os pontos priorit\u00e1rios, entre eles, a maneira como a reforma da Previd\u00eancia trata os policiais; a autonomia or\u00e7ament\u00e1ria da PF; mandato para o diretor-geral do \u00d3rg\u00e3o; descontigenciamento; projeto de Lei que trata do abuso de autoridade; Estatuto do Desarmamento; Integra\u00e7\u00e3o entre \u00f3rg\u00e3os do governo; e aprimoramento do C\u00f3digo de Processo Penal (CPP).<\/p>\n<p>Sobre a autonomia da PF, o pr\u00e9-candidato se comprometeu a continuar dialogando com a categoria para firmar uma posi\u00e7\u00e3o definitiva sobre o tema.\u00a0Ao final do evento, o presidente da ADPF frisou que a Policia Federal se tornou refer\u00eancia no combate \u00e0 corrup\u00e7\u00e3o e os policiais, que enfrentam a criminalidade organizada, colocando em risco sua pr\u00f3pria vida, devem receber a devida prote\u00e7\u00e3o do Estado.\u00a0\u201cSe o povo brasileiro o escolher para ser presidente do pa\u00eds, espero que o senhor trate bem da Pol\u00edcia Federal, pois \u00e9 isso que ela merece\u201d, enfatizou Edvandir Paiva.<\/p>\n<p>At\u00e9 as elei\u00e7\u00f5es 2018, o presidente da ADPF tem a expectativa de receber os demais pr\u00e9-candidatos dispostos a dialogar com os delegados de Pol\u00edcia Federal. Todos j\u00e1 foram convidados.<\/p>\n","protected":false},"excerpt":{"rendered":"<p>&#8220;Fa\u00e7o compromisso com voc\u00eas de aumentar o efetivo em quatro mil cargos&#8221;, afirmou o pr\u00e9-candidato \u00e0 Presid\u00eancia da Rep\u00fablica, Geraldo Alckmin. Ele afirmou ainda que, se eleito, vai aprovar indica\u00e7\u00e3o de lista tr\u00edplice para mandato de diretor-geral do \u00f3rg\u00e3o. Nesta quarta-feira(18), ele esteve na sede da Associa\u00e7\u00e3o dos Delegados de Pol\u00edcia Federal (ADPF), para discutir os temas considerados priorit\u00e1rios para [&hellip;]<\/p>\n","protected":false},"author":27,"featured_media":0,"comment_status":"open","ping_status":"closed","sticky":false,"template":"","format":"standard","meta":{"footnotes":""},"categories":[2719],"tags":[348,791,188,93,232,5006,2377,5026,1153,319,2316,1816,208],"class_list":["post-9732","post","type-post","status-publish","format-standard","hentry","category-servidor","tag-adpf","tag-cargos","tag-carreira","tag-concurso","tag-delegados","tag-diretor-geral","tag-geraldo-alckmin","tag-mandato","tag-pessoal","tag-pf","tag-prioridade","tag-quadro","tag-seguranca"],"_links":{"self":[{"href":"https:\/\/blogs.correiobraziliense.com.br\/servidor\/wp-json\/wp\/v2\/posts\/9732","targetHints":{"allow":["GET"]}}],"collection":[{"href":"https:\/\/blogs.correiobraziliense.com.br\/servidor\/wp-json\/wp\/v2\/posts"}],"about":[{"href":"https:\/\/blogs.correiobraziliense.com.br\/servidor\/wp-json\/wp\/v2\/types\/post"}],"author":[{"embeddable":true,"href":"https:\/\/blogs.correiobraziliense.com.br\/servidor\/wp-json\/wp\/v2\/users\/27"}],"replies":[{"embeddable":true,"href":"https:\/\/blogs.correiobraziliense.com.br\/servidor\/wp-json\/wp\/v2\/comments?post=9732"}],"version-history":[{"count":1,"href":"https:\/\/blogs.correiobraziliense.com.br\/servidor\/wp-json\/wp\/v2\/posts\/9732\/revisions"}],"predecessor-version":[{"id":9733,"href":"https:\/\/blogs.correiobraziliense.com.br\/servidor\/wp-json\/wp\/v2\/posts\/9732\/revisions\/9733"}],"wp:attachment":[{"href":"https:\/\/blogs.correiobraziliense.com.br\/servidor\/wp-json\/wp\/v2\/media?parent=9732"}],"wp:term":[{"taxonomy":"category","embeddable":true,"href":"https:\/\/blogs.correiobraziliense.com.br\/servidor\/wp-json\/wp\/v2\/categories?post=9732"},{"taxonomy":"post_tag","embeddable":true,"href":"https:\/\/blogs.correiobraziliense.com.br\/servidor\/wp-json\/wp\/v2\/tags?post=9732"}],"curies":[{"name":"wp","href":"https:\/\/api.w.org\/{rel}","templated":true}]}}