{"id":9727,"date":"2018-07-18T13:59:07","date_gmt":"2018-07-18T16:59:07","guid":{"rendered":"https:\/\/blogs.correiobraziliense.com.br\/servidor\/?p=9727"},"modified":"2018-07-18T13:59:07","modified_gmt":"2018-07-18T16:59:07","slug":"ingerencia-politica-nas-agencias-reguladoras","status":"publish","type":"post","link":"https:\/\/blogs.correiobraziliense.com.br\/servidor\/ingerencia-politica-nas-agencias-reguladoras\/","title":{"rendered":"Inger\u00eancia pol\u00edtica nas ag\u00eancias reguladoras"},"content":{"rendered":"<p><em>Presidente do Sindicato Nacional dos Servidores das Ag\u00eancias Nacionais de Regula\u00e7\u00e3o (Sinag\u00eancias), Alexnaldo Queiroz, falar\u00e1 ao vivo, a partir das 15 hortas, pelo canal do Facebook do Correio Braziliense (www.facebook.com\/correiobraziliense)<\/em><\/p>\n<p>O assunto envolve\u00a0a emenda do deputado federal Jos\u00e9 Carlos de Ara\u00fajo (PR-BA) que muda o texto original do Senado na Lei de Responsabilidade das Estatais (Lei 13.303\/2016), para permitir que pol\u00edticos continuem ocupando cargos de dire\u00e7\u00e3o em empresas p\u00fablicas. A iniciativa veio no momento em que se tenta moralizar, com crit\u00e9rios t\u00e9cnicos, a indica\u00e7\u00e3o de diretores e presidentes. Para a maioria dos especialistas, foi um retrocesso \u201cgrav\u00edssimo\u201d. Iniciativa semelhante foi tomada em rela\u00e7\u00e3o projeto (PL 6.621\/2016), conhecido como Lei Geral das Ag\u00eancias Reguladoras, onde a inger\u00eancia pol\u00edtica \u00e9 uma realidade e tem prejudicado as rela\u00e7\u00f5es de mercado. Falar\u00e1, tamb\u00e9m, das reivindica\u00e7\u00f5es da categoria de paridade salarial com o pessoal do ciclo de gest\u00e3o<\/p>\n","protected":false},"excerpt":{"rendered":"<p>Presidente do Sindicato Nacional dos Servidores das Ag\u00eancias Nacionais de Regula\u00e7\u00e3o (Sinag\u00eancias), Alexnaldo Queiroz, falar\u00e1 ao vivo, a partir das 15 hortas, pelo canal do Facebook do Correio Braziliense (www.facebook.com\/correiobraziliense) O assunto envolve\u00a0a emenda do deputado federal Jos\u00e9 Carlos de Ara\u00fajo (PR-BA) que muda o texto original do Senado na Lei de Responsabilidade das Estatais (Lei 13.303\/2016), para permitir que [&hellip;]<\/p>\n","protected":false},"author":27,"featured_media":0,"comment_status":"open","ping_status":"closed","sticky":false,"template":"","format":"standard","meta":{"footnotes":""},"categories":[2719],"tags":[879,2757,4484,2888,2506,11085,489,1505,5471,1415,3239,705,18,4560],"class_list":["post-9727","post","type-post","status-publish","format-standard","hentry","category-servidor","tag-agencias","tag-ciclo-de-gestao","tag-direcao","tag-facebook","tag-ingerencia","tag-lei-13-3032016","tag-mercado","tag-paridade","tag-pl-6-6212016","tag-politica","tag-reguladoras","tag-retrocesso","tag-salarial","tag-sinagencias"],"_links":{"self":[{"href":"https:\/\/blogs.correiobraziliense.com.br\/servidor\/wp-json\/wp\/v2\/posts\/9727","targetHints":{"allow":["GET"]}}],"collection":[{"href":"https:\/\/blogs.correiobraziliense.com.br\/servidor\/wp-json\/wp\/v2\/posts"}],"about":[{"href":"https:\/\/blogs.correiobraziliense.com.br\/servidor\/wp-json\/wp\/v2\/types\/post"}],"author":[{"embeddable":true,"href":"https:\/\/blogs.correiobraziliense.com.br\/servidor\/wp-json\/wp\/v2\/users\/27"}],"replies":[{"embeddable":true,"href":"https:\/\/blogs.correiobraziliense.com.br\/servidor\/wp-json\/wp\/v2\/comments?post=9727"}],"version-history":[{"count":1,"href":"https:\/\/blogs.correiobraziliense.com.br\/servidor\/wp-json\/wp\/v2\/posts\/9727\/revisions"}],"predecessor-version":[{"id":9728,"href":"https:\/\/blogs.correiobraziliense.com.br\/servidor\/wp-json\/wp\/v2\/posts\/9727\/revisions\/9728"}],"wp:attachment":[{"href":"https:\/\/blogs.correiobraziliense.com.br\/servidor\/wp-json\/wp\/v2\/media?parent=9727"}],"wp:term":[{"taxonomy":"category","embeddable":true,"href":"https:\/\/blogs.correiobraziliense.com.br\/servidor\/wp-json\/wp\/v2\/categories?post=9727"},{"taxonomy":"post_tag","embeddable":true,"href":"https:\/\/blogs.correiobraziliense.com.br\/servidor\/wp-json\/wp\/v2\/tags?post=9727"}],"curies":[{"name":"wp","href":"https:\/\/api.w.org\/{rel}","templated":true}]}}